{"id":14417,"date":"2018-07-24T10:14:21","date_gmt":"2018-07-24T13:14:21","guid":{"rendered":"https:\/\/tvtecjundiai.com.br\/news\/?p=14417"},"modified":"2018-07-24T10:15:42","modified_gmt":"2018-07-24T13:15:42","slug":"hospital-sao-vicente-consegue-localizar-familia-de-paciente","status":"publish","type":"post","link":"https:\/\/tvtecjundiai.com.br\/news\/2018\/07\/24\/hospital-sao-vicente-consegue-localizar-familia-de-paciente\/","title":{"rendered":"Hospital S\u00e3o Vicente consegue localizar fam\u00edlia de paciente"},"content":{"rendered":"<div id=\"attachment_14357\" style=\"width: 210px\" class=\"wp-caption alignleft\"><a href=\"https:\/\/tvtecjundiai.com.br\/news\/wp-content\/uploads\/sites\/2\/2018\/07\/37641100_2273714672655225_3585873886262067200_n-e1532358105788.jpg\"><img loading=\"lazy\" decoding=\"async\" aria-describedby=\"caption-attachment-14357\" class=\"wp-image-14357\" src=\"https:\/\/tvtecjundiai.com.br\/news\/wp-content\/uploads\/sites\/2\/2018\/07\/37641100_2273714672655225_3585873886262067200_n-e1532358105788-300x386.jpg\" alt=\"\" width=\"200\" height=\"257\" srcset=\"https:\/\/tvtecjundiai.com.br\/news\/wp-content\/uploads\/sites\/2\/2018\/07\/37641100_2273714672655225_3585873886262067200_n-e1532358105788-300x386.jpg 300w, https:\/\/tvtecjundiai.com.br\/news\/wp-content\/uploads\/sites\/2\/2018\/07\/37641100_2273714672655225_3585873886262067200_n-e1532358105788.jpg 654w\" sizes=\"auto, (max-width: 200px) 100vw, 200px\" \/><\/a><p id=\"caption-attachment-14357\" class=\"wp-caption-text\">Nair de Souza Fernandes \u00e9 moradora de S\u00e3o Paulo<\/p><\/div>\n<p>O Hospital S\u00e3o Vicente de Paulo, localizado em Jundia\u00ed, conseguiu encontrar a fam\u00edlia da paciente Nair de Souza Fernandes, moradora da cidade de S\u00e3o Paulo, nesta ter\u00e7a-feira (24)<\/p>\n<p>Na segunda (23), o hospital pediu ajuda, por meio de suas redes sociais, para localizar os respons\u00e1veis pela idosa, que foi socorrida pelo Atendimento M\u00f3vel de Urg\u00eancia (Samu) e levada ao HSVP. Ela estava consciente mas apresentava confus\u00e3o.<\/p>\n<p>O Hospital S\u00e3o Vicente de Paulo agradece a ajuda de todos que se solidarizaram com a situa\u00e7\u00e3o e ajudaram a encontrar a fam\u00edlia de Nair.<\/p>\n<p>&nbsp;<\/p>\n","protected":false},"excerpt":{"rendered":"<p>Nair de Souza Fernandes \u00e9 moradora da cidade de S\u00e3o Paulo<\/p>\n","protected":false},"author":10,"featured_media":14359,"comment_status":"closed","ping_status":"closed","sticky":false,"template":"","format":"standard","meta":{"footnotes":""},"categories":[2834,2839],"tags":[3689,3690,5,15],"class_list":["post-14417","post","type-post","status-publish","format-standard","has-post-thumbnail","hentry","category-cidades","category-saude","tag-hospital-sao-vicente-de-paulo","tag-hsvp","tag-jundiai","tag-tvtec"],"_links":{"self":[{"href":"https:\/\/tvtecjundiai.com.br\/news\/wp-json\/wp\/v2\/posts\/14417","targetHints":{"allow":["GET"]}}],"collection":[{"href":"https:\/\/tvtecjundiai.com.br\/news\/wp-json\/wp\/v2\/posts"}],"about":[{"href":"https:\/\/tvtecjundiai.com.br\/news\/wp-json\/wp\/v2\/types\/post"}],"author":[{"embeddable":true,"href":"https:\/\/tvtecjundiai.com.br\/news\/wp-json\/wp\/v2\/users\/10"}],"replies":[{"embeddable":true,"href":"https:\/\/tvtecjundiai.com.br\/news\/wp-json\/wp\/v2\/comments?post=14417"}],"version-history":[{"count":6,"href":"https:\/\/tvtecjundiai.com.br\/news\/wp-json\/wp\/v2\/posts\/14417\/revisions"}],"predecessor-version":[{"id":14423,"href":"https:\/\/tvtecjundiai.com.br\/news\/wp-json\/wp\/v2\/posts\/14417\/revisions\/14423"}],"wp:featuredmedia":[{"embeddable":true,"href":"https:\/\/tvtecjundiai.com.br\/news\/wp-json\/wp\/v2\/media\/14359"}],"wp:attachment":[{"href":"https:\/\/tvtecjundiai.com.br\/news\/wp-json\/wp\/v2\/media?parent=14417"}],"wp:term":[{"taxonomy":"category","embeddable":true,"href":"https:\/\/tvtecjundiai.com.br\/news\/wp-json\/wp\/v2\/categories?post=14417"},{"taxonomy":"post_tag","embeddable":true,"href":"https:\/\/tvtecjundiai.com.br\/news\/wp-json\/wp\/v2\/tags?post=14417"}],"curies":[{"name":"wp","href":"https:\/\/api.w.org\/{rel}","templated":true}]}}