{"id":14519,"date":"2018-07-25T08:47:51","date_gmt":"2018-07-25T11:47:51","guid":{"rendered":"https:\/\/tvtecjundiai.com.br\/news\/?p=14519"},"modified":"2018-07-25T08:47:51","modified_gmt":"2018-07-25T11:47:51","slug":"divisao-florestal-reforca-protecao-a-serra-do-japi","status":"publish","type":"post","link":"https:\/\/tvtecjundiai.com.br\/news\/2018\/07\/25\/divisao-florestal-reforca-protecao-a-serra-do-japi\/","title":{"rendered":"Divis\u00e3o Florestal refor\u00e7a prote\u00e7\u00e3o \u00e0 Serra do Japi"},"content":{"rendered":"<p>A Divis\u00e3o Florestal, em uma a\u00e7\u00e3o conjunta com a Unidade de Gest\u00e3o de Seguran\u00e7a Municipal, refor\u00e7a as a\u00e7\u00f5es de prote\u00e7\u00e3o na Serra do Japi.\u00a0A iniciativa conta com a participa\u00e7\u00e3o do Gabinete de Gest\u00e3o Integrada Municipal (GGIM), em conjunto com a Funda\u00e7\u00e3o Serra do Japi, a Unidade de Gest\u00e3o de Planejamento Urbano e Meio Ambiente (UGPUMA) e a Associa\u00e7\u00e3o Amigos do Bairro Santa Clara.<\/p>\n<p><a href=\"https:\/\/tvtecjundiai.com.br\/news\/wp-content\/uploads\/sites\/2\/2018\/01\/Serra_do_Japi4.jpg\"><img loading=\"lazy\" decoding=\"async\" class=\"wp-image-5661 alignleft\" src=\"https:\/\/tvtecjundiai.com.br\/news\/wp-content\/uploads\/sites\/2\/2018\/01\/Serra_do_Japi4-300x201.jpg\" alt=\"\" width=\"371\" height=\"249\" srcset=\"https:\/\/tvtecjundiai.com.br\/news\/wp-content\/uploads\/sites\/2\/2018\/01\/Serra_do_Japi4-300x201.jpg 300w, https:\/\/tvtecjundiai.com.br\/news\/wp-content\/uploads\/sites\/2\/2018\/01\/Serra_do_Japi4-768x514.jpg 768w, https:\/\/tvtecjundiai.com.br\/news\/wp-content\/uploads\/sites\/2\/2018\/01\/Serra_do_Japi4.jpg 800w\" sizes=\"auto, (max-width: 371px) 100vw, 371px\" \/><\/a><\/p>\n<p>Tendo como um dos pontos de partida o bairro Santa Clara, as a\u00e7\u00f5es tiveram in\u00edcio em 2017, alcan\u00e7ando resultados positivos e efetivos, no sentido de fiscalizar, coibir e orientar as pessoas que por muitas vezes utilizam o local de forma ilegal e perigosa.<\/p>\n<p>\u201cA iniciativa atende aos anseios dos moradores da regi\u00e3o, a comunidade que defende a preserva\u00e7\u00e3o do patrim\u00f4nio. A Serra do Japi \u00e9 um raro remanescente de Mata Atl\u00e2ntica no interior do Estado de S\u00e3o Paulo, com 7% de remanescentes da forma\u00e7\u00e3o original do bioma Mata Atl\u00e2ntica do Brasil, na riqueza de sua biodiversidade\u201d, declarou o inspetor Paulo Vicente Soares, respons\u00e1vel pela Divis\u00e3o Florestal.<\/p>\n<p><em>(Fonte: Prefeitura de Jundia\u00ed)<\/em><\/p>\n","protected":false},"excerpt":{"rendered":"<p>A\u00e7\u00f5es fiscalizam os visitantes do local <\/p>\n","protected":false},"author":11,"featured_media":14520,"comment_status":"closed","ping_status":"closed","sticky":false,"template":"","format":"standard","meta":{"footnotes":""},"categories":[2834,3569,1],"tags":[563,556,2986,2137],"class_list":["post-14519","post","type-post","status-publish","format-standard","has-post-thumbnail","hentry","category-cidades","category-meio-ambiente","category-noticias","tag-meio-ambiente","tag-noticias","tag-preservacao","tag-serra-do-japi"],"_links":{"self":[{"href":"https:\/\/tvtecjundiai.com.br\/news\/wp-json\/wp\/v2\/posts\/14519","targetHints":{"allow":["GET"]}}],"collection":[{"href":"https:\/\/tvtecjundiai.com.br\/news\/wp-json\/wp\/v2\/posts"}],"about":[{"href":"https:\/\/tvtecjundiai.com.br\/news\/wp-json\/wp\/v2\/types\/post"}],"author":[{"embeddable":true,"href":"https:\/\/tvtecjundiai.com.br\/news\/wp-json\/wp\/v2\/users\/11"}],"replies":[{"embeddable":true,"href":"https:\/\/tvtecjundiai.com.br\/news\/wp-json\/wp\/v2\/comments?post=14519"}],"version-history":[{"count":1,"href":"https:\/\/tvtecjundiai.com.br\/news\/wp-json\/wp\/v2\/posts\/14519\/revisions"}],"predecessor-version":[{"id":14521,"href":"https:\/\/tvtecjundiai.com.br\/news\/wp-json\/wp\/v2\/posts\/14519\/revisions\/14521"}],"wp:featuredmedia":[{"embeddable":true,"href":"https:\/\/tvtecjundiai.com.br\/news\/wp-json\/wp\/v2\/media\/14520"}],"wp:attachment":[{"href":"https:\/\/tvtecjundiai.com.br\/news\/wp-json\/wp\/v2\/media?parent=14519"}],"wp:term":[{"taxonomy":"category","embeddable":true,"href":"https:\/\/tvtecjundiai.com.br\/news\/wp-json\/wp\/v2\/categories?post=14519"},{"taxonomy":"post_tag","embeddable":true,"href":"https:\/\/tvtecjundiai.com.br\/news\/wp-json\/wp\/v2\/tags?post=14519"}],"curies":[{"name":"wp","href":"https:\/\/api.w.org\/{rel}","templated":true}]}}