{"id":1452,"date":"2017-10-06T11:21:45","date_gmt":"2017-10-06T14:21:45","guid":{"rendered":"https:\/\/tvtecjundiai.com.br\/news\/?p=1452"},"modified":"2017-10-06T11:21:45","modified_gmt":"2017-10-06T14:21:45","slug":"saude-parque-da-cidade-recebe-evento-do-outubro-rosa","status":"publish","type":"post","link":"https:\/\/tvtecjundiai.com.br\/news\/2017\/10\/06\/saude-parque-da-cidade-recebe-evento-do-outubro-rosa\/","title":{"rendered":"Sa\u00fade: Parque da Cidade recebe evento do Outubro Rosa"},"content":{"rendered":"<p>O Parque da Cidade recebe neste domingo (08) um evento voltado \u00e0 conscientiza\u00e7\u00e3o para a preven\u00e7\u00e3o e o tratamento do c\u00e2ncer de mama, em alus\u00e3o ao Outubro Rosa. O espa\u00e7o receber\u00e1 mulheres para uma roda de conversa com uma paciente em tratamento, al\u00e9m de informa\u00e7\u00f5es sobre a doen\u00e7a e uma oficina de turbantes.<\/p>\n<p><strong>LEIA TAMB\u00c9M:<\/strong><br \/>\n<strong><a href=\"https:\/\/tvtecjundiai.com.br\/news\/2017\/10\/06\/cidades-feira-livre-da-ferroviarios-tera-atracoes-para-criancas-domingo-8\/\" rel=\"noopener\" target=\"_blank\">Cidades: feira livre da Ferrovi\u00e1rios ter\u00e1 atra\u00e7\u00f5es para crian\u00e7as domingo (8)<\/a><\/strong><\/p>\n<p>\u201cAssim como mostrar o caminho para a preven\u00e7\u00e3o e o tratamento, queremos elevar a autoestima das mulheres\u201d, declara a assessora t\u00e9cnica da Sa\u00fade da Mulher, Erika Pimenta de P\u00e1dua Mayer, que \u00e9 tamb\u00e9m ginecologista. Como explica ela, mulheres que suspeitem da doen\u00e7a devem procurar a Unidade B\u00e1sica de Sa\u00fade mais pr\u00f3xima de sua casa e, caso necess\u00e1rio, ser\u00e1 encaminhada ao Ambulat\u00f3rio de Sa\u00fade da Mulher.<\/p>\n<p>O evento come\u00e7a \u00e0s 9h e segue at\u00e9 as 13h e ocorrer\u00e1 no espa\u00e7o ao lado da lanchonete e do playground do parque. A roda de conversa com a paciente est\u00e1 prevista para come\u00e7ar \u00e0s 10h30.<\/p>\n","protected":false},"excerpt":{"rendered":"<p>Espa\u00e7o ter\u00e1 depoimento de paciente e oficina de turbantes<\/p>\n","protected":false},"author":6,"featured_media":1085,"comment_status":"closed","ping_status":"closed","sticky":false,"template":"","format":"standard","meta":{"footnotes":""},"categories":[1],"tags":[670,629,625,622,623,832],"class_list":["post-1452","post","type-post","status-publish","format-standard","has-post-thumbnail","hentry","category-noticias","tag-cancer","tag-cancer-de-mama","tag-erika-pimenta-de-padua-mayer","tag-outubro-rosa","tag-parque-da-cidade","tag-unidade-basica-de-saude"],"_links":{"self":[{"href":"https:\/\/tvtecjundiai.com.br\/news\/wp-json\/wp\/v2\/posts\/1452","targetHints":{"allow":["GET"]}}],"collection":[{"href":"https:\/\/tvtecjundiai.com.br\/news\/wp-json\/wp\/v2\/posts"}],"about":[{"href":"https:\/\/tvtecjundiai.com.br\/news\/wp-json\/wp\/v2\/types\/post"}],"author":[{"embeddable":true,"href":"https:\/\/tvtecjundiai.com.br\/news\/wp-json\/wp\/v2\/users\/6"}],"replies":[{"embeddable":true,"href":"https:\/\/tvtecjundiai.com.br\/news\/wp-json\/wp\/v2\/comments?post=1452"}],"version-history":[{"count":1,"href":"https:\/\/tvtecjundiai.com.br\/news\/wp-json\/wp\/v2\/posts\/1452\/revisions"}],"predecessor-version":[{"id":1455,"href":"https:\/\/tvtecjundiai.com.br\/news\/wp-json\/wp\/v2\/posts\/1452\/revisions\/1455"}],"wp:featuredmedia":[{"embeddable":true,"href":"https:\/\/tvtecjundiai.com.br\/news\/wp-json\/wp\/v2\/media\/1085"}],"wp:attachment":[{"href":"https:\/\/tvtecjundiai.com.br\/news\/wp-json\/wp\/v2\/media?parent=1452"}],"wp:term":[{"taxonomy":"category","embeddable":true,"href":"https:\/\/tvtecjundiai.com.br\/news\/wp-json\/wp\/v2\/categories?post=1452"},{"taxonomy":"post_tag","embeddable":true,"href":"https:\/\/tvtecjundiai.com.br\/news\/wp-json\/wp\/v2\/tags?post=1452"}],"curies":[{"name":"wp","href":"https:\/\/api.w.org\/{rel}","templated":true}]}}