{"id":14561,"date":"2018-07-27T11:46:41","date_gmt":"2018-07-27T14:46:41","guid":{"rendered":"https:\/\/tvtecjundiai.com.br\/news\/?p=14561"},"modified":"2018-07-27T15:20:50","modified_gmt":"2018-07-27T18:20:50","slug":"festa-julina-de-jundiai-tem-mais-shows-neste-fim-de-semana","status":"publish","type":"post","link":"https:\/\/tvtecjundiai.com.br\/news\/2018\/07\/27\/festa-julina-de-jundiai-tem-mais-shows-neste-fim-de-semana\/","title":{"rendered":"Festa Julina de Jundia\u00ed tem mais shows neste fim de semana"},"content":{"rendered":"<p>O segundo e \u00faltimo final de semana da Festa Julina de Jundia\u00ed tamb\u00e9m ter\u00e1 shows de grandes artistas como Bruno &amp; Marrone, Eduardo Costa e Jefferson Moraes. O evento acontece, ainda, nos dias 27, 28 e 29 de julho no Parque da Uva.<\/p>\n<div id=\"attachment_10911\" style=\"width: 310px\" class=\"wp-caption alignleft\"><a href=\"https:\/\/tvtecjundiai.com.br\/news\/wp-content\/uploads\/sites\/2\/2018\/05\/Bruno-e-Marrone-1-Divulga\u00e7\u00e3o-e1527945312959.jpg\"><img loading=\"lazy\" decoding=\"async\" aria-describedby=\"caption-attachment-10911\" class=\"wp-image-10911\" src=\"https:\/\/tvtecjundiai.com.br\/news\/wp-content\/uploads\/sites\/2\/2018\/05\/Bruno-e-Marrone-1-Divulga\u00e7\u00e3o-e1527945312959-300x245.jpg\" alt=\"\" width=\"300\" height=\"245\" srcset=\"https:\/\/tvtecjundiai.com.br\/news\/wp-content\/uploads\/sites\/2\/2018\/05\/Bruno-e-Marrone-1-Divulga\u00e7\u00e3o-e1527945312959-300x245.jpg 300w, https:\/\/tvtecjundiai.com.br\/news\/wp-content\/uploads\/sites\/2\/2018\/05\/Bruno-e-Marrone-1-Divulga\u00e7\u00e3o-e1527945312959-768x627.jpg 768w, https:\/\/tvtecjundiai.com.br\/news\/wp-content\/uploads\/sites\/2\/2018\/05\/Bruno-e-Marrone-1-Divulga\u00e7\u00e3o-e1527945312959-1176x960.jpg 1176w, https:\/\/tvtecjundiai.com.br\/news\/wp-content\/uploads\/sites\/2\/2018\/05\/Bruno-e-Marrone-1-Divulga\u00e7\u00e3o-e1527945312959.jpg 1196w\" sizes=\"auto, (max-width: 300px) 100vw, 300px\" \/><\/a><p id=\"caption-attachment-10911\" class=\"wp-caption-text\">A festa tem entrada gratuita e cobran\u00e7a de ingresso somente para os shows noturnos<\/p><\/div>\n<p>Os ingressos podem ser adquiridos\u00a0<strong><a href=\"http:\/\/www.festajulinadejundiai.com.br\/\">online<\/a>\u00a0<\/strong>ou em pontos de venda f\u00edsicos e os valores variam entre R$ 20 (pista, meia entrada) e R$ 130 (open bar, inteira). Ao doar 1 kg de alimento n\u00e3o perec\u00edvel, o acesso \u00e0 pista fica R$ 25. J\u00e1 nos dias 20 e 27 de julho, a entrada \u00e9 gratuita mediante doa\u00e7\u00e3o.<\/p>\n<p><strong>Confira a programa\u00e7\u00e3o dos shows:<\/strong><br \/>\nDia 27: Robson Souza (18 horas) e Jefferson Moraes (20 horas)<br \/>\nDia 28: Thiago Carvalho (18 horas) e Eduardo Costa (20 horas)<br \/>\nDia 29: Gustavo Alves (18 horas) e Bruno &amp; Marrone (20 horas)<\/p>\n<p>A festa tem entrada gratuita e cobran\u00e7a de ingresso somente para os shows noturnos. O evento contar\u00e1 com restaurantes tem\u00e1ticos de culin\u00e1ria nordestina, feira de artesanato, parque de divers\u00e3o e Competi\u00e7\u00e3o de Quadrilhas, onde grupos de toda a cidade poder\u00e3o concorrer a pr\u00eamios que somam 20 mil reais.\u00a0<a href=\"https:\/\/tvtecjundiai.com.br\/news\/2018\/07\/18\/festa-julina-de-jundiai-tera-competicao-de-quadrilhas\/\"><strong>Confira a programa\u00e7\u00e3o da competi\u00e7\u00e3o.<\/strong><\/a><\/p>\n<p><a href=\"https:\/\/youtu.be\/hHz3XcZ_hGA\">https:\/\/youtu.be\/hHz3XcZ_hGA<\/a><\/p>\n","protected":false},"excerpt":{"rendered":"<p>A dupla Bruno &#038; Marrone fecha o evento no domingo (28)<\/p>\n","protected":false},"author":10,"featured_media":10911,"comment_status":"closed","ping_status":"closed","sticky":false,"template":"","format":"standard","meta":{"footnotes":""},"categories":[2834,2833,29],"tags":[3708,3263,5,740],"class_list":["post-14561","post","type-post","status-publish","format-standard","has-post-thumbnail","hentry","category-cidades","category-cultura","category-destaque","tag-bruno-e-marrone","tag-festa-julina-de-jundiai","tag-jundiai","tag-parque-da-uva"],"_links":{"self":[{"href":"https:\/\/tvtecjundiai.com.br\/news\/wp-json\/wp\/v2\/posts\/14561","targetHints":{"allow":["GET"]}}],"collection":[{"href":"https:\/\/tvtecjundiai.com.br\/news\/wp-json\/wp\/v2\/posts"}],"about":[{"href":"https:\/\/tvtecjundiai.com.br\/news\/wp-json\/wp\/v2\/types\/post"}],"author":[{"embeddable":true,"href":"https:\/\/tvtecjundiai.com.br\/news\/wp-json\/wp\/v2\/users\/10"}],"replies":[{"embeddable":true,"href":"https:\/\/tvtecjundiai.com.br\/news\/wp-json\/wp\/v2\/comments?post=14561"}],"version-history":[{"count":5,"href":"https:\/\/tvtecjundiai.com.br\/news\/wp-json\/wp\/v2\/posts\/14561\/revisions"}],"predecessor-version":[{"id":14748,"href":"https:\/\/tvtecjundiai.com.br\/news\/wp-json\/wp\/v2\/posts\/14561\/revisions\/14748"}],"wp:featuredmedia":[{"embeddable":true,"href":"https:\/\/tvtecjundiai.com.br\/news\/wp-json\/wp\/v2\/media\/10911"}],"wp:attachment":[{"href":"https:\/\/tvtecjundiai.com.br\/news\/wp-json\/wp\/v2\/media?parent=14561"}],"wp:term":[{"taxonomy":"category","embeddable":true,"href":"https:\/\/tvtecjundiai.com.br\/news\/wp-json\/wp\/v2\/categories?post=14561"},{"taxonomy":"post_tag","embeddable":true,"href":"https:\/\/tvtecjundiai.com.br\/news\/wp-json\/wp\/v2\/tags?post=14561"}],"curies":[{"name":"wp","href":"https:\/\/api.w.org\/{rel}","templated":true}]}}