{"id":14729,"date":"2018-07-27T12:11:26","date_gmt":"2018-07-27T15:11:26","guid":{"rendered":"https:\/\/tvtecjundiai.com.br\/news\/?p=14729"},"modified":"2018-07-27T12:12:08","modified_gmt":"2018-07-27T15:12:08","slug":"bruno-marrone-fecham-festa-julina-de-jundiai","status":"publish","type":"post","link":"https:\/\/tvtecjundiai.com.br\/news\/2018\/07\/27\/bruno-marrone-fecham-festa-julina-de-jundiai\/","title":{"rendered":"Bruno &#038; Marrone fecham Festa Julina de Jundia\u00ed"},"content":{"rendered":"<p>Para fechar a Festa Julina de Jundia\u00ed com chave de ouro neste domingo (29), \u00faltimo dia do evento, quem toma conta do Parque da Uva a partir das 20 horas \u00e9 a dupla sertaneja Bruno &amp; Marrone. Antes, \u00e0s 18 horas, tem ainda a apresenta\u00e7\u00e3o de Gustavo Alves.<\/p>\n<div id=\"attachment_14730\" style=\"width: 410px\" class=\"wp-caption alignright\"><a href=\"https:\/\/tvtecjundiai.com.br\/news\/wp-content\/uploads\/sites\/2\/2018\/07\/bruno-e-marrone_Wellington-Cordeiro-FMC.jpeg\"><img loading=\"lazy\" decoding=\"async\" aria-describedby=\"caption-attachment-14730\" class=\"wp-image-14730\" src=\"https:\/\/tvtecjundiai.com.br\/news\/wp-content\/uploads\/sites\/2\/2018\/07\/bruno-e-marrone_Wellington-Cordeiro-FMC-300x200.jpeg\" alt=\"\" width=\"400\" height=\"266\" srcset=\"https:\/\/tvtecjundiai.com.br\/news\/wp-content\/uploads\/sites\/2\/2018\/07\/bruno-e-marrone_Wellington-Cordeiro-FMC-300x200.jpeg 300w, https:\/\/tvtecjundiai.com.br\/news\/wp-content\/uploads\/sites\/2\/2018\/07\/bruno-e-marrone_Wellington-Cordeiro-FMC-768x511.jpeg 768w, https:\/\/tvtecjundiai.com.br\/news\/wp-content\/uploads\/sites\/2\/2018\/07\/bruno-e-marrone_Wellington-Cordeiro-FMC.jpeg 1024w\" sizes=\"auto, (max-width: 400px) 100vw, 400px\" \/><\/a><p id=\"caption-attachment-14730\" class=\"wp-caption-text\">Bruno &amp; Marrone se apresentam no domingo (29) \u00e0s 20 horas<\/p><\/div>\n<p>Al\u00e9m das apresenta\u00e7\u00f5es musicais, a festa contar\u00e1 ainda com\u00a0restaurantes tem\u00e1ticos de culin\u00e1ria nordestina, feira de artesanato, parque de divers\u00e3o e muito mais. A entrada da festa \u00e9 gratuita at\u00e9 as 15 horas e a cobran\u00e7a de ingressos \u00e9 somente para os shows noturnos.<\/p>\n<p>Os ingressos podem ser adquiridos\u00a0<strong><a href=\"http:\/\/www.festajulinadejundiai.com.br\/\">online<\/a>\u00a0<\/strong>ou em pontos de venda f\u00edsicos e os valores variam entre R$ 20 (pista, meia entrada) e R$ 130 (camarote, inteira). Ao doar 1 kg de alimento n\u00e3o perec\u00edvel, o acesso \u00e0 pista fica R$ 25. J\u00e1 nos dias 20 e 27 de julho, a entrada \u00e9 gratuita mediante doa\u00e7\u00e3o.<\/p>\n<p><strong>Pontos de venda<\/strong><br \/>\n\u2022 Jundia\u00ed: Lojas Aloha e Radical Vest no Centro, loja Radical Vest no Maxi Shopping e loja Vibe Beach no Jundia\u00ed Shopping;<br \/>\n\u2022 Itupeva: Espa\u00e7o Albuquerque (Av. Em\u00edlio Chechinato, 480);<br \/>\n\u2022 V\u00e1rzea Paulista: Loja A Paulistana Magazine (Av. Fern\u00e3o Dias Paes Leme, 965);<br \/>\n\u2022 Cajamar: Casa de Carnes Camargo (Rua Avelino Toledo de Lima, 194);<br \/>\n\u2022 Cabre\u00fava: Pastelaria Horizonte (Av. Alberto Peratelo, 747, Loja 10;<br \/>\n\u2022 Campinas: Livraria Leitura Shopping Dom Pedro e Campinas Shopping<\/p>\n<p><em>(Fonte: Assessoria de Imprensa Festa Julina de Jundia\u00ed)<\/em><br \/>\n<em>(Imagem: O Alto Acre)<\/em><\/p>\n","protected":false},"excerpt":{"rendered":"<p>\u00daltimo dia do evento ainda tem apresenta\u00e7\u00e3o de Gustavo Alves<\/p>\n","protected":false},"author":10,"featured_media":14730,"comment_status":"closed","ping_status":"closed","sticky":false,"template":"","format":"standard","meta":{"footnotes":""},"categories":[2834,2833,2824],"tags":[3708,3263,740],"class_list":["post-14729","post","type-post","status-publish","format-standard","has-post-thumbnail","hentry","category-cidades","category-cultura","category-variedades","tag-bruno-e-marrone","tag-festa-julina-de-jundiai","tag-parque-da-uva"],"_links":{"self":[{"href":"https:\/\/tvtecjundiai.com.br\/news\/wp-json\/wp\/v2\/posts\/14729","targetHints":{"allow":["GET"]}}],"collection":[{"href":"https:\/\/tvtecjundiai.com.br\/news\/wp-json\/wp\/v2\/posts"}],"about":[{"href":"https:\/\/tvtecjundiai.com.br\/news\/wp-json\/wp\/v2\/types\/post"}],"author":[{"embeddable":true,"href":"https:\/\/tvtecjundiai.com.br\/news\/wp-json\/wp\/v2\/users\/10"}],"replies":[{"embeddable":true,"href":"https:\/\/tvtecjundiai.com.br\/news\/wp-json\/wp\/v2\/comments?post=14729"}],"version-history":[{"count":3,"href":"https:\/\/tvtecjundiai.com.br\/news\/wp-json\/wp\/v2\/posts\/14729\/revisions"}],"predecessor-version":[{"id":14733,"href":"https:\/\/tvtecjundiai.com.br\/news\/wp-json\/wp\/v2\/posts\/14729\/revisions\/14733"}],"wp:featuredmedia":[{"embeddable":true,"href":"https:\/\/tvtecjundiai.com.br\/news\/wp-json\/wp\/v2\/media\/14730"}],"wp:attachment":[{"href":"https:\/\/tvtecjundiai.com.br\/news\/wp-json\/wp\/v2\/media?parent=14729"}],"wp:term":[{"taxonomy":"category","embeddable":true,"href":"https:\/\/tvtecjundiai.com.br\/news\/wp-json\/wp\/v2\/categories?post=14729"},{"taxonomy":"post_tag","embeddable":true,"href":"https:\/\/tvtecjundiai.com.br\/news\/wp-json\/wp\/v2\/tags?post=14729"}],"curies":[{"name":"wp","href":"https:\/\/api.w.org\/{rel}","templated":true}]}}