{"id":14781,"date":"2018-07-30T09:15:16","date_gmt":"2018-07-30T12:15:16","guid":{"rendered":"https:\/\/tvtecjundiai.com.br\/news\/?p=14781"},"modified":"2018-07-30T09:17:01","modified_gmt":"2018-07-30T12:17:01","slug":"cultura-abre-inscricoes-para-corpos-artisticos-de-teatro-e-danca","status":"publish","type":"post","link":"https:\/\/tvtecjundiai.com.br\/news\/2018\/07\/30\/cultura-abre-inscricoes-para-corpos-artisticos-de-teatro-e-danca\/","title":{"rendered":"Cultura abre inscri\u00e7\u00f5es para corpos art\u00edsticos de teatro e dan\u00e7a"},"content":{"rendered":"<p>A Cultura publicou na edi\u00e7\u00e3o 4430 da\u00a0<a href=\"https:\/\/imprensaoficial.jundiai.sp.gov.br\/edicao-no-4430\/\">Imprensa Oficial desta sexta-feira (27)<\/a>\u00a0os editais de concurso para composi\u00e7\u00e3o da Cia. de Ballet Municipal\/Cia. de Dan\u00e7a Jovem e da Cia. de Teatro de Jundia\u00ed para as temporadas 2018\/2019.<\/p>\n<div id=\"attachment_14782\" style=\"width: 410px\" class=\"wp-caption alignright\"><a href=\"https:\/\/tvtecjundiai.com.br\/news\/wp-content\/uploads\/sites\/2\/2018\/07\/cia-de-teatro.jpeg\"><img loading=\"lazy\" decoding=\"async\" aria-describedby=\"caption-attachment-14782\" class=\"wp-image-14782\" src=\"https:\/\/tvtecjundiai.com.br\/news\/wp-content\/uploads\/sites\/2\/2018\/07\/cia-de-teatro-300x229.jpeg\" alt=\"\" width=\"400\" height=\"305\" srcset=\"https:\/\/tvtecjundiai.com.br\/news\/wp-content\/uploads\/sites\/2\/2018\/07\/cia-de-teatro-300x229.jpeg 300w, https:\/\/tvtecjundiai.com.br\/news\/wp-content\/uploads\/sites\/2\/2018\/07\/cia-de-teatro-768x586.jpeg 768w, https:\/\/tvtecjundiai.com.br\/news\/wp-content\/uploads\/sites\/2\/2018\/07\/cia-de-teatro-1200x916.jpeg 1200w, https:\/\/tvtecjundiai.com.br\/news\/wp-content\/uploads\/sites\/2\/2018\/07\/cia-de-teatro.jpeg 1280w\" sizes=\"auto, (max-width: 400px) 100vw, 400px\" \/><\/a><p id=\"caption-attachment-14782\" class=\"wp-caption-text\">Est\u00e3o abertas as inscri\u00e7\u00f5es para a Cia. de Ballet Municipal\/Cia. de Dan\u00e7a Jovem e da Cia. de Teatro de Jundia\u00ed, temporadas 2018\/2019.<\/p><\/div>\n<p>Para o gestor da Unidade de Gest\u00e3o de Cultura (UGC), Marcelo Peroni, corpos art\u00edsticos visam ao est\u00edmulo da cria\u00e7\u00e3o art\u00edsticas. \u201cCom estes editais, o Munic\u00edpio revela novos talentos e fomenta a produ\u00e7\u00e3o art\u00edstica, ampliando a oferta cultural.\u201d<\/p>\n<p>Os atores, atrizes, bailarinos e bailarinas interessados devem se inscrever at\u00e9 o dia 12 de setembro no Departamento de Teatros, no Teatro Polytheama, que fica na rua Bar\u00e3o de Jundia\u00ed, 176, Centro, Jundia\u00ed, CEP 13.201-010, de segunda a sexta-feira, exceto feriados e pontos facultativos, das 13h \u00e0s 18h. As inscri\u00e7\u00f5es podem tamb\u00e9m ser feitas pessoalmente ou pelos Correios, com Aviso de Recebimento.<\/p>\n<p>Na inscri\u00e7\u00e3o, os candidatos dever\u00e3o apresentar dois envelopes, um com a Habilita\u00e7\u00e3o e outro com a Forma\u00e7\u00e3o Art\u00edstica, e com a identifica\u00e7\u00e3o do corpo art\u00edstico de que deseja participar. Os selecionados ter\u00e3o contrato vigente de outubro de 2018 a dezembro de 2019. O valor do contrato ser\u00e1 de R$ 31.500,00, pagos em 15 parcelas mensais. Confira o <a href=\"https:\/\/imprensaoficial.jundiai.sp.gov.br\/wp-content\/uploads\/2018\/07\/e621b6a5-5c79-41a4-ab09-6a3c6201a7d3_Edi%C3%A7%C3%A3o-4430-27-07-2018.pdf\">edital completo para a Cia. de Ballet Municipal\/Cia. de Dan\u00e7a Jovem<\/a> e para a ,<a href=\"https:\/\/imprensaoficial.jundiai.sp.gov.br\/wp-content\/uploads\/2018\/07\/e621b6a5-5c79-41a4-ab09-6a3c6201a7d3_Edi%C3%A7%C3%A3o-4430-27-07-2018.pdf\">Cia. de Teatro de Jundia\u00ed.<\/a><\/p>\n<p><em>(Fonte: Prefeitura de Jundia\u00ed)<\/em><\/p>\n","protected":false},"excerpt":{"rendered":"<p>Interessados devem se inscrever at\u00e9 12 de setembro no Departamento de Teatros<\/p>\n","protected":false},"author":10,"featured_media":14782,"comment_status":"closed","ping_status":"closed","sticky":false,"template":"","format":"standard","meta":{"footnotes":""},"categories":[2834,2833],"tags":[763,3729,83],"class_list":["post-14781","post","type-post","status-publish","format-standard","has-post-thumbnail","hentry","category-cidades","category-cultura","tag-danca","tag-departamento-de-teatros","tag-teatro"],"_links":{"self":[{"href":"https:\/\/tvtecjundiai.com.br\/news\/wp-json\/wp\/v2\/posts\/14781","targetHints":{"allow":["GET"]}}],"collection":[{"href":"https:\/\/tvtecjundiai.com.br\/news\/wp-json\/wp\/v2\/posts"}],"about":[{"href":"https:\/\/tvtecjundiai.com.br\/news\/wp-json\/wp\/v2\/types\/post"}],"author":[{"embeddable":true,"href":"https:\/\/tvtecjundiai.com.br\/news\/wp-json\/wp\/v2\/users\/10"}],"replies":[{"embeddable":true,"href":"https:\/\/tvtecjundiai.com.br\/news\/wp-json\/wp\/v2\/comments?post=14781"}],"version-history":[{"count":2,"href":"https:\/\/tvtecjundiai.com.br\/news\/wp-json\/wp\/v2\/posts\/14781\/revisions"}],"predecessor-version":[{"id":14784,"href":"https:\/\/tvtecjundiai.com.br\/news\/wp-json\/wp\/v2\/posts\/14781\/revisions\/14784"}],"wp:featuredmedia":[{"embeddable":true,"href":"https:\/\/tvtecjundiai.com.br\/news\/wp-json\/wp\/v2\/media\/14782"}],"wp:attachment":[{"href":"https:\/\/tvtecjundiai.com.br\/news\/wp-json\/wp\/v2\/media?parent=14781"}],"wp:term":[{"taxonomy":"category","embeddable":true,"href":"https:\/\/tvtecjundiai.com.br\/news\/wp-json\/wp\/v2\/categories?post=14781"},{"taxonomy":"post_tag","embeddable":true,"href":"https:\/\/tvtecjundiai.com.br\/news\/wp-json\/wp\/v2\/tags?post=14781"}],"curies":[{"name":"wp","href":"https:\/\/api.w.org\/{rel}","templated":true}]}}