{"id":14799,"date":"2018-07-30T10:13:10","date_gmt":"2018-07-30T13:13:10","guid":{"rendered":"https:\/\/tvtecjundiai.com.br\/news\/?p=14799"},"modified":"2018-07-30T10:14:56","modified_gmt":"2018-07-30T13:14:56","slug":"jundiaiense-tira-nota-maxima-no-enem-da-islandia","status":"publish","type":"post","link":"https:\/\/tvtecjundiai.com.br\/news\/2018\/07\/30\/jundiaiense-tira-nota-maxima-no-enem-da-islandia\/","title":{"rendered":"Jundiaiense tira nota m\u00e1xima no &#8216;Enem&#8217; da Isl\u00e2ndia"},"content":{"rendered":"<div class=\"mc-column content-text active-extra-styles active-capital-letter\" data-block-type=\"unstyled\" data-block-weight=\"40\" data-block-id=\"2\">\n<p data-track-category=\"Link no Texto\" data-track-links=\"\">A jundiaiense\u00a0Beatriz Ladeira, de apenas 15 anos,\u00a0foi destaque na imprensa da Isl\u00e2ndia ap\u00f3s tirar a nota m\u00e1xima em uma prova nacional para estudantes, considerada o &#8220;Enem&#8221; do pa\u00eds. A ilha, que fica no norte do Oceano Atl\u00e2ntico, foi colonizada pela Dinamarca e conta com uma popula\u00e7\u00e3o de 350 mil habitantes, cerca de 60 mil a menos que Jundia\u00ed.<\/p>\n<\/div>\n<div class=\"wall\">\n<div class=\"mc-column content-text active-extra-styles \" data-block-type=\"unstyled\" data-block-weight=\"34\" data-block-id=\"5\">\n<div id=\"attachment_14800\" style=\"width: 360px\" class=\"wp-caption alignright\"><a href=\"https:\/\/tvtecjundiai.com.br\/news\/wp-content\/uploads\/sites\/2\/2018\/07\/bia5.jpg\"><img loading=\"lazy\" decoding=\"async\" aria-describedby=\"caption-attachment-14800\" class=\"wp-image-14800\" src=\"https:\/\/tvtecjundiai.com.br\/news\/wp-content\/uploads\/sites\/2\/2018\/07\/bia5-300x207.jpg\" alt=\"\" width=\"350\" height=\"241\" srcset=\"https:\/\/tvtecjundiai.com.br\/news\/wp-content\/uploads\/sites\/2\/2018\/07\/bia5-300x207.jpg 300w, https:\/\/tvtecjundiai.com.br\/news\/wp-content\/uploads\/sites\/2\/2018\/07\/bia5-768x529.jpg 768w, https:\/\/tvtecjundiai.com.br\/news\/wp-content\/uploads\/sites\/2\/2018\/07\/bia5-1200x827.jpg 1200w, https:\/\/tvtecjundiai.com.br\/news\/wp-content\/uploads\/sites\/2\/2018\/07\/bia5.jpg 1600w\" sizes=\"auto, (max-width: 350px) 100vw, 350px\" \/><\/a><p id=\"caption-attachment-14800\" class=\"wp-caption-text\">A maior dificuldade de Beatriz para fazer a prova foi a l\u00edngua nativa da Isl\u00e2ndia<\/p><\/div>\n<p class=\"content-text__container \" data-track-category=\"Link no Texto\" data-track-links=\"\">Beatriz, os pais e quatro irm\u00e3os, de 2 a 13 anos, se mudaram em pleno ver\u00e3o de 2016 para Reykjav\u00edk, capital do pa\u00eds, ap\u00f3s serem aprovados em um programa de evangeliza\u00e7\u00e3o da Igreja Cat\u00f3lica. A &#8220;Samr\u00e6ndu pr\u00f3f&#8221; (&#8220;Prova Uniforme&#8221;, em portugu\u00eas) surgiu na vida da jovem no fim de 2017. Segundo Beatriz, o teste \u00e9 parecido com o Exame Nacional do Ensino M\u00e9dio (Enem) em n\u00edvel de import\u00e2ncia.<\/p>\n<\/div>\n<div class=\"mc-column content-text active-extra-styles \" data-block-type=\"unstyled\" data-block-weight=\"55\" data-block-id=\"6\">\n<div class=\"mc-column content-text active-extra-styles \" data-block-type=\"unstyled\" data-block-weight=\"39\" data-block-id=\"10\">\n<p class=\"content-text__container \" data-track-category=\"Link no Texto\" data-track-links=\"\">Com facilidade em matem\u00e1tica por conta da ajuda do pai, que \u00e9 engenheiro, a maior dificuldade foi no idioma. A l\u00edngua n\u00f3rdica do ramo germ\u00e2nico setentrional sofreu uma &#8220;reforma&#8221; e passou a ser chamada de Island\u00eas Moderno em 1500. &#8220;Muitas vezes eu me desesperava, n\u00e3o entendia nada. Havia poemas e textos de s\u00e9culos atr\u00e1s, regras gramaticais que era praticamente imposs\u00edvel de entender&#8221;, conta.<\/p>\n<\/div>\n<div class=\"mc-column content-text active-extra-styles \" data-block-type=\"unstyled\" data-block-weight=\"14\" data-block-id=\"12\">\n<div class=\"mc-column content-text active-extra-styles \" data-block-type=\"unstyled\" data-block-weight=\"42\" data-block-id=\"14\">\n<p class=\"content-text__container \" data-track-category=\"Link no Texto\" data-track-links=\"\">&#8220;Eu vejo que a Beatriz tem o dom da perseveran\u00e7a. Fiquei extremamente orgulhosa do resultado e do esfor\u00e7o. Ficamos todos muito agradecidos a Deus e \u00e0 professora dela. Tudo foi uma linda hist\u00f3ria&#8221;, comenta a m\u00e3e da menina, Aline Soares Ladeira.<\/p>\n<\/div>\n<div class=\" content-media content-media--normal content-media--featured content-photo\" data-block-type=\"backstage-photo\" data-block-id=\"15\">\n<div class=\"content-media__container\">\n<div class=\"content-media__image-centered\">\n<div class=\"progressive-img can-open-lightbox\" data-min-size=\"1008x567\" data-min-size-url=\"https:\/\/s2.glbimg.com\/X-k_DQJD25vxoe7m8pfCq9UoRQY=\/0x0:1280x720\/1008x0\/smart\/filters:strip_icc()\/i.s3.glbimg.com\/v1\/AUTH_59edd422c0c84a879bd37670ae4f538a\/internal_photos\/bs\/2018\/N\/Q\/NgrG0ZRCSaA749cIBBxQ\/familia.jpg\" data-max-size=\"1600x900\" data-max-size-url=\"https:\/\/s2.glbimg.com\/y_NB0U6gtG5M-1JAHwpno03YswA=\/0x0:1280x720\/1600x0\/smart\/filters:strip_icc()\/i.s3.glbimg.com\/v1\/AUTH_59edd422c0c84a879bd37670ae4f538a\/internal_photos\/bs\/2018\/N\/Q\/NgrG0ZRCSaA749cIBBxQ\/familia.jpg\" data-media-index=\"2\"><em>(Fonte: G1)<\/em><\/div>\n<div data-min-size=\"1008x567\" data-min-size-url=\"https:\/\/s2.glbimg.com\/X-k_DQJD25vxoe7m8pfCq9UoRQY=\/0x0:1280x720\/1008x0\/smart\/filters:strip_icc()\/i.s3.glbimg.com\/v1\/AUTH_59edd422c0c84a879bd37670ae4f538a\/internal_photos\/bs\/2018\/N\/Q\/NgrG0ZRCSaA749cIBBxQ\/familia.jpg\" data-max-size=\"1600x900\" data-max-size-url=\"https:\/\/s2.glbimg.com\/y_NB0U6gtG5M-1JAHwpno03YswA=\/0x0:1280x720\/1600x0\/smart\/filters:strip_icc()\/i.s3.glbimg.com\/v1\/AUTH_59edd422c0c84a879bd37670ae4f538a\/internal_photos\/bs\/2018\/N\/Q\/NgrG0ZRCSaA749cIBBxQ\/familia.jpg\" data-media-index=\"2\"><em>(Imagem:\u00a0Beatriz Ladeira\/Arquivo Pessoal)<\/em><\/div>\n<\/div>\n<\/div>\n<\/div>\n<\/div>\n<\/div>\n<\/div>\n","protected":false},"excerpt":{"rendered":"<p>Com apenas 15 anos, Beatriz foi destaque na imprensa islandesa<\/p>\n","protected":false},"author":10,"featured_media":14801,"comment_status":"closed","ping_status":"closed","sticky":false,"template":"","format":"standard","meta":{"footnotes":""},"categories":[2834,29,2824],"tags":[1030,3731,5],"class_list":["post-14799","post","type-post","status-publish","format-standard","has-post-thumbnail","hentry","category-cidades","category-destaque","category-variedades","tag-enem","tag-islandia","tag-jundiai"],"_links":{"self":[{"href":"https:\/\/tvtecjundiai.com.br\/news\/wp-json\/wp\/v2\/posts\/14799","targetHints":{"allow":["GET"]}}],"collection":[{"href":"https:\/\/tvtecjundiai.com.br\/news\/wp-json\/wp\/v2\/posts"}],"about":[{"href":"https:\/\/tvtecjundiai.com.br\/news\/wp-json\/wp\/v2\/types\/post"}],"author":[{"embeddable":true,"href":"https:\/\/tvtecjundiai.com.br\/news\/wp-json\/wp\/v2\/users\/10"}],"replies":[{"embeddable":true,"href":"https:\/\/tvtecjundiai.com.br\/news\/wp-json\/wp\/v2\/comments?post=14799"}],"version-history":[{"count":4,"href":"https:\/\/tvtecjundiai.com.br\/news\/wp-json\/wp\/v2\/posts\/14799\/revisions"}],"predecessor-version":[{"id":14805,"href":"https:\/\/tvtecjundiai.com.br\/news\/wp-json\/wp\/v2\/posts\/14799\/revisions\/14805"}],"wp:featuredmedia":[{"embeddable":true,"href":"https:\/\/tvtecjundiai.com.br\/news\/wp-json\/wp\/v2\/media\/14801"}],"wp:attachment":[{"href":"https:\/\/tvtecjundiai.com.br\/news\/wp-json\/wp\/v2\/media?parent=14799"}],"wp:term":[{"taxonomy":"category","embeddable":true,"href":"https:\/\/tvtecjundiai.com.br\/news\/wp-json\/wp\/v2\/categories?post=14799"},{"taxonomy":"post_tag","embeddable":true,"href":"https:\/\/tvtecjundiai.com.br\/news\/wp-json\/wp\/v2\/tags?post=14799"}],"curies":[{"name":"wp","href":"https:\/\/api.w.org\/{rel}","templated":true}]}}