{"id":15337,"date":"2018-08-07T08:04:50","date_gmt":"2018-08-07T11:04:50","guid":{"rendered":"https:\/\/tvtecjundiai.com.br\/news\/?p=15337"},"modified":"2018-08-07T09:08:01","modified_gmt":"2018-08-07T12:08:01","slug":"cultura-abre-exposicao-codigos-urbnos","status":"publish","type":"post","link":"https:\/\/tvtecjundiai.com.br\/news\/2018\/08\/07\/cultura-abre-exposicao-codigos-urbnos\/","title":{"rendered":"Cultura abre exposi\u00e7\u00e3o \u201cC\u00f3digos Urb@nos\u201d"},"content":{"rendered":"<div id=\"attachment_15339\" style=\"width: 342px\" class=\"wp-caption alignleft\"><a href=\"https:\/\/tvtecjundiai.com.br\/news\/wp-content\/uploads\/sites\/2\/2018\/08\/foto-codigos-urbanos-1.jpg\"><img loading=\"lazy\" decoding=\"async\" aria-describedby=\"caption-attachment-15339\" class=\"wp-image-15339\" src=\"https:\/\/tvtecjundiai.com.br\/news\/wp-content\/uploads\/sites\/2\/2018\/08\/foto-codigos-urbanos-1-300x204.jpg\" alt=\"\" width=\"332\" height=\"226\" srcset=\"https:\/\/tvtecjundiai.com.br\/news\/wp-content\/uploads\/sites\/2\/2018\/08\/foto-codigos-urbanos-1-300x204.jpg 300w, https:\/\/tvtecjundiai.com.br\/news\/wp-content\/uploads\/sites\/2\/2018\/08\/foto-codigos-urbanos-1-768x522.jpg 768w, https:\/\/tvtecjundiai.com.br\/news\/wp-content\/uploads\/sites\/2\/2018\/08\/foto-codigos-urbanos-1.jpg 1047w\" sizes=\"auto, (max-width: 332px) 100vw, 332px\" \/><\/a><p id=\"caption-attachment-15339\" class=\"wp-caption-text\">As fotos que comp\u00f5em a mostra t\u00eam como proposta transformar o olhar dos visitantes sobre o ambiente urbano<\/p><\/div>\n<p>A Unidade de Gest\u00e3o de Cultura (UGC), por meio\u00a0Minist\u00e9rio da Cultura, da lei de incentivo \u00e0 Cultura (ProAC-SP) da secretaria estadual de Cultura abre a exposi\u00e7\u00e3o &#8220;C\u00f3digos Urb@nos&#8221;, composta por pain\u00e9is\u00a0fotogr\u00e1ficos sobre a ocupa\u00e7\u00e3o das ruas de grandes cidades \u00e9 resultado\u00a0resultado da cria\u00e7\u00e3o da fot\u00f3grafa Zaida Siqueira e da pesquisa e do conte\u00fado dos artistas Arthur Veiga e Christiane Alvarenga.<\/p>\n<p>As fotos que comp\u00f5em a mostra t\u00eam como proposta transformar o olhar dos visitantes \u00e0 sala de exposi\u00e7\u00f5es da Sala Jundia\u00ed sobre o ambiente das cidades e convid\u00e1-los a explorar os espa\u00e7os urbanos com sentimento de pertencimento e de aprecia\u00e7\u00e3o por suas diversidades cultural e humana.\u00a0A visita pela mostra tamb\u00e9m pode ser guiada por tr\u00eas elementos audiovisuais in\u00e9ditos, dos artistas Roberta Dabdab e Henk Nieman, que narram hist\u00f3rias, ritos e fluxos pr\u00f3prios do cotidiano urbano.<\/p>\n<p>\u201cAssim como reflete esta exposi\u00e7\u00e3o, a UGC tem por vis\u00e3o valorizar a arte enquanto ferramenta de inclus\u00e3o social, pois ela estimula a conviv\u00eancia e \u00e9 um ant\u00eddoto natural \u00e0 sensa\u00e7\u00e3o de inseguran\u00e7a nos espa\u00e7os p\u00fablicos\u201d, afirma o\u00a0diretor do N\u00facleo de Planejamento, Gest\u00e3o e Finan\u00e7as da UGC, Ricardo Cantamessa.<\/p>\n<p>C\u00f3digos Urb@nos\u201d fica no Complexo Fepasa at\u00e9 o s\u00e1bado (25) e pode ser visitada gratuitamente de segunda a sexta-feira, das 8h \u00e0s 18h, e aos s\u00e1bados, domingos e feriados, das 9h \u00e0s 16h. O Complexo est\u00e1 localizado na avenida Uni\u00e3o dos Ferrovi\u00e1rios, 1760, Centro. Mais informa\u00e7\u00f5es podem ser obtidas pelo telefone (11) 4521-6922.<\/p>\n<p><em>(Fonte: Prefeitura de Jundia\u00ed)<\/em><\/p>\n","protected":false},"excerpt":{"rendered":"<p>As obras s\u00e3o compostas por fotografias sobre a ocupa\u00e7\u00e3o das ruas <\/p>\n","protected":false},"author":11,"featured_media":15339,"comment_status":"closed","ping_status":"closed","sticky":false,"template":"","format":"standard","meta":{"footnotes":""},"categories":[2834,2833,1],"tags":[84,220,556],"class_list":["post-15337","post","type-post","status-publish","format-standard","has-post-thumbnail","hentry","category-cidades","category-cultura","category-noticias","tag-cultura","tag-exposicao","tag-noticias"],"_links":{"self":[{"href":"https:\/\/tvtecjundiai.com.br\/news\/wp-json\/wp\/v2\/posts\/15337","targetHints":{"allow":["GET"]}}],"collection":[{"href":"https:\/\/tvtecjundiai.com.br\/news\/wp-json\/wp\/v2\/posts"}],"about":[{"href":"https:\/\/tvtecjundiai.com.br\/news\/wp-json\/wp\/v2\/types\/post"}],"author":[{"embeddable":true,"href":"https:\/\/tvtecjundiai.com.br\/news\/wp-json\/wp\/v2\/users\/11"}],"replies":[{"embeddable":true,"href":"https:\/\/tvtecjundiai.com.br\/news\/wp-json\/wp\/v2\/comments?post=15337"}],"version-history":[{"count":4,"href":"https:\/\/tvtecjundiai.com.br\/news\/wp-json\/wp\/v2\/posts\/15337\/revisions"}],"predecessor-version":[{"id":15352,"href":"https:\/\/tvtecjundiai.com.br\/news\/wp-json\/wp\/v2\/posts\/15337\/revisions\/15352"}],"wp:featuredmedia":[{"embeddable":true,"href":"https:\/\/tvtecjundiai.com.br\/news\/wp-json\/wp\/v2\/media\/15339"}],"wp:attachment":[{"href":"https:\/\/tvtecjundiai.com.br\/news\/wp-json\/wp\/v2\/media?parent=15337"}],"wp:term":[{"taxonomy":"category","embeddable":true,"href":"https:\/\/tvtecjundiai.com.br\/news\/wp-json\/wp\/v2\/categories?post=15337"},{"taxonomy":"post_tag","embeddable":true,"href":"https:\/\/tvtecjundiai.com.br\/news\/wp-json\/wp\/v2\/tags?post=15337"}],"curies":[{"name":"wp","href":"https:\/\/api.w.org\/{rel}","templated":true}]}}