{"id":1535,"date":"2017-10-09T14:59:21","date_gmt":"2017-10-09T17:59:21","guid":{"rendered":"https:\/\/tvtecjundiai.com.br\/news\/?p=1535"},"modified":"2017-10-09T15:21:14","modified_gmt":"2017-10-09T18:21:14","slug":"esporte-com-3o-lugar-no-jori-atletas-sao-recebidos-com-festa","status":"publish","type":"post","link":"https:\/\/tvtecjundiai.com.br\/news\/2017\/10\/09\/esporte-com-3o-lugar-no-jori-atletas-sao-recebidos-com-festa\/","title":{"rendered":"Esporte: com 3\u00ba lugar no Jori, atletas s\u00e3o recebidos com festa"},"content":{"rendered":"<p>A energia tomou conta do anfiteatro da Esef (Escola Superior de Educa\u00e7\u00e3o F\u00edsica) de Jundia\u00ed na manh\u00e3 desta segunda-feira (09). Atletas de diferentes modalidades foram recebidos com festa ap\u00f3s conquistarem a terceira coloca\u00e7\u00e3o no ranking estadual do Jori (Jogos Regionais do Idoso), em Sert\u00e3ozinho, onde estiveram 162 delega\u00e7\u00f5es.<\/p>\n<p><strong>LEIA TAMB\u00c9M:<br \/>\n<a href=\"https:\/\/tvtecjundiai.com.br\/news\/2017\/10\/09\/educacao-instituto-federal-de-sp-abre-selecao-para-seis-mil-vagas-em-cursos\/\" target=\"_blank\" rel=\"noopener\">Educa\u00e7\u00e3o: Instituto Federal de SP abre sele\u00e7\u00e3o para seis mil vagas em cursos<\/a><\/strong><\/p>\n<div id=\"attachment_1536\" style=\"width: 1034px\" class=\"wp-caption aligncenter\"><a href=\"https:\/\/tvtecjundiai.com.br\/news\/wp-content\/uploads\/sites\/2\/2017\/10\/IMG_2418.jpg\"><img loading=\"lazy\" decoding=\"async\" aria-describedby=\"caption-attachment-1536\" class=\"wp-image-1536 size-large\" src=\"https:\/\/tvtecjundiai.com.br\/news\/wp-content\/uploads\/sites\/2\/2017\/10\/IMG_2418-1200x896.jpg\" alt=\"\" width=\"1024\" height=\"765\" srcset=\"https:\/\/tvtecjundiai.com.br\/news\/wp-content\/uploads\/sites\/2\/2017\/10\/IMG_2418-1200x896.jpg 1200w, https:\/\/tvtecjundiai.com.br\/news\/wp-content\/uploads\/sites\/2\/2017\/10\/IMG_2418-300x224.jpg 300w, https:\/\/tvtecjundiai.com.br\/news\/wp-content\/uploads\/sites\/2\/2017\/10\/IMG_2418-768x573.jpg 768w, https:\/\/tvtecjundiai.com.br\/news\/wp-content\/uploads\/sites\/2\/2017\/10\/IMG_2418.jpg 1322w\" sizes=\"auto, (max-width: 1024px) 100vw, 1024px\" \/><\/a><p id=\"caption-attachment-1536\" class=\"wp-caption-text\">Muita empolga\u00e7\u00e3o durante relatos de atletas do grupo<\/p><\/div>\n<div id=\"attachment_1537\" style=\"width: 266px\" class=\"wp-caption alignright\"><a href=\"https:\/\/tvtecjundiai.com.br\/news\/wp-content\/uploads\/sites\/2\/2017\/10\/IMG_2431.jpg\"><img loading=\"lazy\" decoding=\"async\" aria-describedby=\"caption-attachment-1537\" class=\"wp-image-1537\" src=\"https:\/\/tvtecjundiai.com.br\/news\/wp-content\/uploads\/sites\/2\/2017\/10\/IMG_2431-300x402.jpg\" alt=\"\" width=\"256\" height=\"343\" srcset=\"https:\/\/tvtecjundiai.com.br\/news\/wp-content\/uploads\/sites\/2\/2017\/10\/IMG_2431-300x402.jpg 300w, https:\/\/tvtecjundiai.com.br\/news\/wp-content\/uploads\/sites\/2\/2017\/10\/IMG_2431-768x1029.jpg 768w, https:\/\/tvtecjundiai.com.br\/news\/wp-content\/uploads\/sites\/2\/2017\/10\/IMG_2431-717x960.jpg 717w, https:\/\/tvtecjundiai.com.br\/news\/wp-content\/uploads\/sites\/2\/2017\/10\/IMG_2431.jpg 1297w\" sizes=\"auto, (max-width: 256px) 100vw, 256px\" \/><\/a><p id=\"caption-attachment-1537\" class=\"wp-caption-text\">Com o caneco, Jundia\u00ed celebra 3\u00ba lugar<\/p><\/div>\n<p>Ao todo, 33 pessoas &#8211; sendo 25 atletas e oito componentes das comiss\u00f5es t\u00e9cnicas \u2013 representaram Jundia\u00ed em sete modalidades durante os quatro dias de competi\u00e7\u00e3o. Entre eles, a dupla Clodomiro Longatti e Jorge Rosada, que levou o ouro na malha e contou aos presentes a experi\u00eancia de, com muito suor e concentra\u00e7\u00e3o, derrotar diferentes cidades para chegar ao alto do p\u00f3dio.<\/p>\n<p>Quem tamb\u00e9m n\u00e3o segurou a emo\u00e7\u00e3o foi Iracy Casqueira Elias, de 74 anos, que representou Jundia\u00ed na nata\u00e7\u00e3o. \u201c\u00c9 uma vit\u00f3ria estar aqui, \u00e9 gratificante\u201d, relatou ela, h\u00e1 oito anos treinando pela cidade.<\/p>\n<p>\u201c\u00c9 uma vitalidade, uma vibra\u00e7\u00e3o e uma energia que n\u00e3o encontramos em outro lugar\u201d, relata Ana Paula Citelli, chefe da delega\u00e7\u00e3o do Jori 2017, sobre os atletas locais. \u201cLevamos 14 modalidades, do atletismo ao xadrez, e n\u00e3o conseguir\u00edamos tudo isso sem nossos educadores f\u00edsicos, que fazem um importante trabalho.\u201d<\/p>\n<p>O Jori foi organizado pelo Fundo Social de Solidariedade do Estado de S\u00e3o Paulo em parceria com a Secretaria Estadual de Esportes e Lazer (SELJ). Em Jundia\u00ed, o Fundo Social local e a Unidade de Gest\u00e3o de Esporte e Lazer organizaram a delega\u00e7\u00e3o.<\/p>\n<p><strong>Assista nosso v\u00eddeo com os atletas!<\/strong><\/p>\n<p><iframe loading=\"lazy\" src=\"https:\/\/www.facebook.com\/plugins\/video.php?href=https%3A%2F%2Fwww.facebook.com%2Ftvejundiai%2Fvideos%2F1101376559965862%2F&#038;show_text=0&#038;width=560\" width=\"560\" height=\"315\" style=\"border:none;overflow:hidden\" scrolling=\"no\" frameborder=\"0\" allowTransparency=\"true\" allowFullScreen=\"true\"><\/iframe><\/p>\n","protected":false},"excerpt":{"rendered":"<p>33 pessoas, em sete modalidades, estiveram na competi\u00e7\u00e3o em Sert\u00e3ozinho<\/p>\n","protected":false},"author":6,"featured_media":1536,"comment_status":"closed","ping_status":"closed","sticky":false,"template":"","format":"standard","meta":{"footnotes":""},"categories":[1],"tags":[872,7,61,871,100,99,5,873],"class_list":["post-1535","post","type-post","status-publish","format-standard","has-post-thumbnail","hentry","category-noticias","tag-delegacao","tag-esporte","tag-fundo-social-de-solidariedade","tag-idosos","tag-jogos-regionais-do-idoso","tag-jori","tag-jundiai","tag-sertaozinho"],"_links":{"self":[{"href":"https:\/\/tvtecjundiai.com.br\/news\/wp-json\/wp\/v2\/posts\/1535","targetHints":{"allow":["GET"]}}],"collection":[{"href":"https:\/\/tvtecjundiai.com.br\/news\/wp-json\/wp\/v2\/posts"}],"about":[{"href":"https:\/\/tvtecjundiai.com.br\/news\/wp-json\/wp\/v2\/types\/post"}],"author":[{"embeddable":true,"href":"https:\/\/tvtecjundiai.com.br\/news\/wp-json\/wp\/v2\/users\/6"}],"replies":[{"embeddable":true,"href":"https:\/\/tvtecjundiai.com.br\/news\/wp-json\/wp\/v2\/comments?post=1535"}],"version-history":[{"count":4,"href":"https:\/\/tvtecjundiai.com.br\/news\/wp-json\/wp\/v2\/posts\/1535\/revisions"}],"predecessor-version":[{"id":1541,"href":"https:\/\/tvtecjundiai.com.br\/news\/wp-json\/wp\/v2\/posts\/1535\/revisions\/1541"}],"wp:featuredmedia":[{"embeddable":true,"href":"https:\/\/tvtecjundiai.com.br\/news\/wp-json\/wp\/v2\/media\/1536"}],"wp:attachment":[{"href":"https:\/\/tvtecjundiai.com.br\/news\/wp-json\/wp\/v2\/media?parent=1535"}],"wp:term":[{"taxonomy":"category","embeddable":true,"href":"https:\/\/tvtecjundiai.com.br\/news\/wp-json\/wp\/v2\/categories?post=1535"},{"taxonomy":"post_tag","embeddable":true,"href":"https:\/\/tvtecjundiai.com.br\/news\/wp-json\/wp\/v2\/tags?post=1535"}],"curies":[{"name":"wp","href":"https:\/\/api.w.org\/{rel}","templated":true}]}}