{"id":15364,"date":"2018-08-07T10:21:21","date_gmt":"2018-08-07T13:21:21","guid":{"rendered":"https:\/\/tvtecjundiai.com.br\/news\/?p=15364"},"modified":"2018-08-07T10:36:37","modified_gmt":"2018-08-07T13:36:37","slug":"pat-divulga-vagas-disponiveis-em-jundiai-e-regiao-07-2","status":"publish","type":"post","link":"https:\/\/tvtecjundiai.com.br\/news\/2018\/08\/07\/pat-divulga-vagas-disponiveis-em-jundiai-e-regiao-07-2\/","title":{"rendered":"PAT divulga vagas dispon\u00edveis em Jundia\u00ed e regi\u00e3o (07)"},"content":{"rendered":"<p>Confira as vagas dispon\u00edveis:<\/p>\n<ul>\n<li><strong>Azulejista<\/strong>\u00a0(liberado em 03\/08\/2018) \u2013 6 meses de experi\u00eancia em CTPS; ensino fundamental incompleto; somente candidatos de Jundia\u00ed.<\/li>\n<li><strong>Cozinheiro Industrial<\/strong>\u00a0(liberado em 03\/08\/2018) \u2013 6 meses de experi\u00eancia em CTPS; ensino fundamental completo; somente candidatos de Jundia\u00ed, Louveira, Vinhedo e Valinhos.<\/li>\n<li><strong>Operador de Caldeira<\/strong>\u00a0(liberado em 03\/08\/2018) \u2013 6 meses de experi\u00eancia em CTPS; ensino m\u00e9dio completo; somente candidatos de Jundia\u00ed e Itupeva.<\/li>\n<li><strong>T\u00e9cnico em Eletromec\u00e2nica<\/strong>\u00a0(liberado em 03\/08\/2018) \u2013 6 meses de experi\u00eancia em CTPS; ensino m\u00e9dio completo; necess\u00e1rio NR 10; somente candidatos de jundia\u00ed e Itupeva.<\/li>\n<li><strong>T\u00e9cnico em Manuten\u00e7\u00e3o de Equipamento de Inform\u00e1tica<\/strong>\u00a0(liberado em 31\/07\/2018) \u2013 6 meses de experi\u00eancia n\u00e3o em CTPS; ensino m\u00e9dio completo; necess\u00e1rio curso em T\u00e9cnico em Inform\u00e1tica; somente candidatos de Jundia\u00ed, V\u00e1rzea Paulista e Campo Limpo Paulista.<\/li>\n<\/ul>\n<p>Os interessados devem comparecer \u00e0 rua Zacarias de Goes, 530, Centro munidos de\u00a0RG, CPF, carteira de trabalho, PIS ou cart\u00e3o do cidad\u00e3o. O atendimento do PAT Jundia\u00ed \u00e9 feito de segunda a sexta-feira, das 8h \u00e0s 16h30.<\/p>\n<p>\u00daltima atualiza\u00e7\u00e3o em\u00a0<strong>06\/08\/2018 13:15<\/strong><\/p>\n","protected":false},"excerpt":{"rendered":"<p>Pode haver altera\u00e7\u00e3o no quadro de disponibilidade durante a semana<\/p>\n","protected":false},"author":10,"featured_media":2799,"comment_status":"closed","ping_status":"closed","sticky":false,"template":"","format":"standard","meta":{"footnotes":""},"categories":[2834,29,2829],"tags":[286,37,38],"class_list":["post-15364","post","type-post","status-publish","format-standard","has-post-thumbnail","hentry","category-cidades","category-destaque","category-economia","tag-carteira-de-trabalho","tag-emprego","tag-posto-de-atendimento-ao-trabalhador"],"_links":{"self":[{"href":"https:\/\/tvtecjundiai.com.br\/news\/wp-json\/wp\/v2\/posts\/15364","targetHints":{"allow":["GET"]}}],"collection":[{"href":"https:\/\/tvtecjundiai.com.br\/news\/wp-json\/wp\/v2\/posts"}],"about":[{"href":"https:\/\/tvtecjundiai.com.br\/news\/wp-json\/wp\/v2\/types\/post"}],"author":[{"embeddable":true,"href":"https:\/\/tvtecjundiai.com.br\/news\/wp-json\/wp\/v2\/users\/10"}],"replies":[{"embeddable":true,"href":"https:\/\/tvtecjundiai.com.br\/news\/wp-json\/wp\/v2\/comments?post=15364"}],"version-history":[{"count":3,"href":"https:\/\/tvtecjundiai.com.br\/news\/wp-json\/wp\/v2\/posts\/15364\/revisions"}],"predecessor-version":[{"id":15375,"href":"https:\/\/tvtecjundiai.com.br\/news\/wp-json\/wp\/v2\/posts\/15364\/revisions\/15375"}],"wp:featuredmedia":[{"embeddable":true,"href":"https:\/\/tvtecjundiai.com.br\/news\/wp-json\/wp\/v2\/media\/2799"}],"wp:attachment":[{"href":"https:\/\/tvtecjundiai.com.br\/news\/wp-json\/wp\/v2\/media?parent=15364"}],"wp:term":[{"taxonomy":"category","embeddable":true,"href":"https:\/\/tvtecjundiai.com.br\/news\/wp-json\/wp\/v2\/categories?post=15364"},{"taxonomy":"post_tag","embeddable":true,"href":"https:\/\/tvtecjundiai.com.br\/news\/wp-json\/wp\/v2\/tags?post=15364"}],"curies":[{"name":"wp","href":"https:\/\/api.w.org\/{rel}","templated":true}]}}