{"id":15433,"date":"2018-08-07T20:18:12","date_gmt":"2018-08-07T23:18:12","guid":{"rendered":"https:\/\/tvtecjundiai.com.br\/news\/?p=15433"},"modified":"2018-08-08T11:46:42","modified_gmt":"2018-08-08T14:46:42","slug":"produtor-e-figurinista-lotam-noite-na-mostra-da-tvtec","status":"publish","type":"post","link":"https:\/\/tvtecjundiai.com.br\/news\/2018\/08\/07\/produtor-e-figurinista-lotam-noite-na-mostra-da-tvtec\/","title":{"rendered":"Produtor, figurinista e publicit\u00e1rio lotam Mostra da TVTEC"},"content":{"rendered":"<p>Simples, simp\u00e1ticos, carism\u00e1ticos, Giba Nunes e Tatiana Brescia abriram, na noite desta ter\u00e7a-feira (7), a partir das 19h30, o painel\u00a0<em>TIRE O SEU ROTEIRO DO PAPEL,\u00a0<\/em> 1\u00aa Mostra Multimidia TVTEC, celebrando o primeiro ano de atividade da emissora, com um novo perfil, voltado para a qualifica\u00e7\u00e3o de pessoas e a utilidade p\u00fablica, como primeira escola municipal gratuita do Brasil, em tecnologia digital e produ\u00e7\u00e3o audiovisual. Giba e Tatiana falaram a um p\u00fablico de mais de 100 pessoas que lotou o audit\u00f3rio do <em>Beco do Michael<\/em>, na garagem da TVTEC.<\/p>\n<div id=\"attachment_15438\" style=\"width: 437px\" class=\"wp-caption alignright\"><a href=\"https:\/\/tvtecjundiai.com.br\/news\/wp-content\/uploads\/sites\/2\/2018\/08\/giba-tatiane.jpg\"><img loading=\"lazy\" decoding=\"async\" aria-describedby=\"caption-attachment-15438\" class=\"wp-image-15438\" src=\"https:\/\/tvtecjundiai.com.br\/news\/wp-content\/uploads\/sites\/2\/2018\/08\/giba-tatiane-300x225.jpg\" alt=\"\" width=\"427\" height=\"320\" srcset=\"https:\/\/tvtecjundiai.com.br\/news\/wp-content\/uploads\/sites\/2\/2018\/08\/giba-tatiane-300x225.jpg 300w, https:\/\/tvtecjundiai.com.br\/news\/wp-content\/uploads\/sites\/2\/2018\/08\/giba-tatiane-768x576.jpg 768w, https:\/\/tvtecjundiai.com.br\/news\/wp-content\/uploads\/sites\/2\/2018\/08\/giba-tatiane-1200x900.jpg 1200w, https:\/\/tvtecjundiai.com.br\/news\/wp-content\/uploads\/sites\/2\/2018\/08\/giba-tatiane.jpg 2048w\" sizes=\"auto, (max-width: 427px) 100vw, 427px\" \/><\/a><p id=\"caption-attachment-15438\" class=\"wp-caption-text\">\u00c0s 19 horas, o painel de Giba e Tatiana abriu o segundo dia da Mostra Multim\u00eddia TVTEC<\/p><\/div>\n<p>Mais do que palestras, ambos relataram a experi\u00eancia de vida e profissional de modo despojado e tranquilo, para depois realizar uma plen\u00e1ria movimentada com perguntas pertinentes sobre a \u00e1rea. Giba falou de sua origem humilde, a partir do Morro da Cruz, em S\u00e3o Gon\u00e7alo, no Rio de Janeiro.<\/p>\n<p>Giba contou que depois de muitos trabalhos importantes na Manchete, na TV Globo e no cinema &#8211; onde se encontrou com Tatiana -, produz atualmente o filme\u00a0<em>Brasileir\u00edssimo,\u00a0<\/em>para resgatar a hist\u00f3ria e a influ\u00eancia das telenovelas sobre o Brasil e os brasileiros, a partir do depoimento de cinco pessoas e das hist\u00f3rias contadas por atores, atrizes e profissionais da \u00e1rea.<\/p>\n<p>Tatiana falou de sua experi\u00eancia com a moda, que come\u00e7ou cedo. &#8220;Minha m\u00e3e dizia que desde os dois anos eu transformava as roupas que usava, dando um jeito, rasgando, remodelando&#8221;, lembrou.\u00a0 Disse que aos 17 anos come\u00e7ou a estudar na \u00e1rea e por influ\u00eancia de um de seus professores foi parar na Fashion Week S\u00e3o Paulo e se interessou tanto pelo trabalho que virou mascote. Mais tarde acabou indo trabalhar como figurinista na novela &#8220;Profeta&#8221; e se apaixonou pelo trabalho.<\/p>\n<p>O \u00faltimo painel da noite foi do publicit\u00e1rio Filipe Sales, da Ag\u00eancia Urso de Jundia\u00ed. Filipe, depois de fazer uma breve narrativa de sua experi\u00eancia pessoal e dos princ\u00edpios que norteiam o trabalho da ag\u00eancia, falou sobre o a hist\u00f3ria da evolu\u00e7\u00e3o das marcas, que surgiram a partir de 1800, com a necessidade de diferenciar a propriedade do gado, nos Estados Unidos. &#8220;Os animais eram marcados a ferro com as inciais de seus propriet\u00e1rios. S\u00f3 muito mais tarde as marcas foram encampadas pelo com\u00e9rcio, por volta de 1900&#8221;, explicou. Falou sobre paix\u00e3o, hist\u00f3ria pessoal, legado e, para encerrar, Filipe exibiu v\u00eddeos conceituais e abriu a possibilidade de perguntas ao p\u00fablico.<\/p>\n<p><em><strong>(Por: Pedro F\u00e1varo Jr.)<\/strong><\/em><\/p>\n","protected":false},"excerpt":{"rendered":"<p>Giba Nunes, Tatiana Brescia e Filipe Sales movimentaram a segunda noite do evento<\/p>\n","protected":false},"author":8,"featured_media":15437,"comment_status":"closed","ping_status":"closed","sticky":false,"template":"","format":"standard","meta":{"footnotes":""},"categories":[2834,2833,29,2829,1],"tags":[3703,3798,3799],"class_list":["post-15433","post","type-post","status-publish","format-standard","has-post-thumbnail","hentry","category-cidades","category-cultura","category-destaque","category-economia","category-noticias","tag-1a-mostra-multimidia-tvtec","tag-giba-nunes","tag-tatiana-brescia"],"_links":{"self":[{"href":"https:\/\/tvtecjundiai.com.br\/news\/wp-json\/wp\/v2\/posts\/15433","targetHints":{"allow":["GET"]}}],"collection":[{"href":"https:\/\/tvtecjundiai.com.br\/news\/wp-json\/wp\/v2\/posts"}],"about":[{"href":"https:\/\/tvtecjundiai.com.br\/news\/wp-json\/wp\/v2\/types\/post"}],"author":[{"embeddable":true,"href":"https:\/\/tvtecjundiai.com.br\/news\/wp-json\/wp\/v2\/users\/8"}],"replies":[{"embeddable":true,"href":"https:\/\/tvtecjundiai.com.br\/news\/wp-json\/wp\/v2\/comments?post=15433"}],"version-history":[{"count":22,"href":"https:\/\/tvtecjundiai.com.br\/news\/wp-json\/wp\/v2\/posts\/15433\/revisions"}],"predecessor-version":[{"id":15488,"href":"https:\/\/tvtecjundiai.com.br\/news\/wp-json\/wp\/v2\/posts\/15433\/revisions\/15488"}],"wp:featuredmedia":[{"embeddable":true,"href":"https:\/\/tvtecjundiai.com.br\/news\/wp-json\/wp\/v2\/media\/15437"}],"wp:attachment":[{"href":"https:\/\/tvtecjundiai.com.br\/news\/wp-json\/wp\/v2\/media?parent=15433"}],"wp:term":[{"taxonomy":"category","embeddable":true,"href":"https:\/\/tvtecjundiai.com.br\/news\/wp-json\/wp\/v2\/categories?post=15433"},{"taxonomy":"post_tag","embeddable":true,"href":"https:\/\/tvtecjundiai.com.br\/news\/wp-json\/wp\/v2\/tags?post=15433"}],"curies":[{"name":"wp","href":"https:\/\/api.w.org\/{rel}","templated":true}]}}