{"id":15634,"date":"2018-08-10T07:49:29","date_gmt":"2018-08-10T10:49:29","guid":{"rendered":"https:\/\/tvtecjundiai.com.br\/news\/?p=15634"},"modified":"2018-08-10T07:49:29","modified_gmt":"2018-08-10T10:49:29","slug":"procon-debate-temas-ligados-a-planos-de-saude","status":"publish","type":"post","link":"https:\/\/tvtecjundiai.com.br\/news\/2018\/08\/10\/procon-debate-temas-ligados-a-planos-de-saude\/","title":{"rendered":"Procon debate temas ligados a planos de Sa\u00fade"},"content":{"rendered":"<p>O Procon Jundia\u00ed, em parceria com a Universidade Paulista (Unip), promoveu um debate sobre planos de sa\u00fade no audit\u00f3rio da faculdade. O evento, que serviu como aula inaugural do curso de Direito, contou com a presen\u00e7a dos professores Andr\u00e9 Luiz Lopes dos Santos e Vin\u00edcius Simony Zwarg, que palestraram sobre o tema.<\/p>\n<div id=\"attachment_15636\" style=\"width: 352px\" class=\"wp-caption alignleft\"><a href=\"https:\/\/tvtecjundiai.com.br\/news\/wp-content\/uploads\/sites\/2\/2018\/08\/unidade-jundiai-min.jpg\"><img loading=\"lazy\" decoding=\"async\" aria-describedby=\"caption-attachment-15636\" class=\"wp-image-15636\" src=\"https:\/\/tvtecjundiai.com.br\/news\/wp-content\/uploads\/sites\/2\/2018\/08\/unidade-jundiai-min-300x179.jpg\" alt=\"\" width=\"342\" height=\"204\" srcset=\"https:\/\/tvtecjundiai.com.br\/news\/wp-content\/uploads\/sites\/2\/2018\/08\/unidade-jundiai-min-300x179.jpg 300w, https:\/\/tvtecjundiai.com.br\/news\/wp-content\/uploads\/sites\/2\/2018\/08\/unidade-jundiai-min.jpg 500w\" sizes=\"auto, (max-width: 342px) 100vw, 342px\" \/><\/a><p id=\"caption-attachment-15636\" class=\"wp-caption-text\">Os alunos da Universidade puderam conhecer os impactos de temas ligados aos planos de sa\u00fade t\u00eam do cotidiano dos consumidores<\/p><\/div>\n<p>&nbsp;<\/p>\n<p>A chefe do Procon, Gabriela Glinternik, destacou a import\u00e2ncia da iniciativa, uma vez que cerca de 47 milh\u00f5es de consumidores s\u00e3o clientes das prestadoras de sa\u00fade suplementar em todo o Brasil. \u201cA parceria com universidades, propiciando aos estudantes a viv\u00eancia dos atendimentos aos consumidores em suas pr\u00e1ticas de est\u00e1gio, \u00e9 um dos projetos mais especiais do Procon Jundia\u00ed. A participa\u00e7\u00e3o da Unip foi muito importante\u201d, afirmou.<\/p>\n<p><strong>\u00a0<\/strong>O gestor de Neg\u00f3cios Jur\u00eddicos e Cidadania, Fernando de Souza, esteve presente no evento. \u201cA intera\u00e7\u00e3o entre os palestrantes e os presentes, com compartilhamento de suas experi\u00eancias no campo da advocacia, especialmente na defesa do consumidor, foi muito interessante e produtiva\u201d, pontuou.<\/p>\n<p><em>(Fonte e imagem: Prefeitura de Jundia\u00ed)<\/em><\/p>\n","protected":false},"excerpt":{"rendered":"<p>Assunto foi tratado aos alunos de Direito da Unip <\/p>\n","protected":false},"author":11,"featured_media":1292,"comment_status":"closed","ping_status":"closed","sticky":false,"template":"","format":"standard","meta":{"footnotes":""},"categories":[2834,2828,1],"tags":[21,556,2114,191],"class_list":["post-15634","post","type-post","status-publish","format-standard","has-post-thumbnail","hentry","category-cidades","category-educacao","category-noticias","tag-educacao","tag-noticias","tag-plano-de-saude","tag-procon"],"_links":{"self":[{"href":"https:\/\/tvtecjundiai.com.br\/news\/wp-json\/wp\/v2\/posts\/15634","targetHints":{"allow":["GET"]}}],"collection":[{"href":"https:\/\/tvtecjundiai.com.br\/news\/wp-json\/wp\/v2\/posts"}],"about":[{"href":"https:\/\/tvtecjundiai.com.br\/news\/wp-json\/wp\/v2\/types\/post"}],"author":[{"embeddable":true,"href":"https:\/\/tvtecjundiai.com.br\/news\/wp-json\/wp\/v2\/users\/11"}],"replies":[{"embeddable":true,"href":"https:\/\/tvtecjundiai.com.br\/news\/wp-json\/wp\/v2\/comments?post=15634"}],"version-history":[{"count":1,"href":"https:\/\/tvtecjundiai.com.br\/news\/wp-json\/wp\/v2\/posts\/15634\/revisions"}],"predecessor-version":[{"id":15637,"href":"https:\/\/tvtecjundiai.com.br\/news\/wp-json\/wp\/v2\/posts\/15634\/revisions\/15637"}],"wp:featuredmedia":[{"embeddable":true,"href":"https:\/\/tvtecjundiai.com.br\/news\/wp-json\/wp\/v2\/media\/1292"}],"wp:attachment":[{"href":"https:\/\/tvtecjundiai.com.br\/news\/wp-json\/wp\/v2\/media?parent=15634"}],"wp:term":[{"taxonomy":"category","embeddable":true,"href":"https:\/\/tvtecjundiai.com.br\/news\/wp-json\/wp\/v2\/categories?post=15634"},{"taxonomy":"post_tag","embeddable":true,"href":"https:\/\/tvtecjundiai.com.br\/news\/wp-json\/wp\/v2\/tags?post=15634"}],"curies":[{"name":"wp","href":"https:\/\/api.w.org\/{rel}","templated":true}]}}