{"id":15895,"date":"2018-08-16T10:02:08","date_gmt":"2018-08-16T13:02:08","guid":{"rendered":"https:\/\/tvtecjundiai.com.br\/news\/?p=15895"},"modified":"2018-08-16T11:00:31","modified_gmt":"2018-08-16T14:00:31","slug":"grupo-abril-decide-pedir-recuperacao-judicial","status":"publish","type":"post","link":"https:\/\/tvtecjundiai.com.br\/news\/2018\/08\/16\/grupo-abril-decide-pedir-recuperacao-judicial\/","title":{"rendered":"Grupo Abril decide pedir recupera\u00e7\u00e3o judicial"},"content":{"rendered":"<div class=\"mc-column content-text active-extra-styles active-capital-letter\" data-block-type=\"unstyled\" data-block-weight=\"36\" data-block-id=\"1\">\n<p class=\"content-text__container theme-color-primary-first-letter\" data-track-category=\"Link no Texto\" data-track-links=\"\">Grupo Abril decidiu entrar com pedido de recupera\u00e7\u00e3o judicial nesta quarta-feira (15). A informa\u00e7\u00e3o foi antecipada pelo colunista do jornal &#8220;O Globo&#8221;, Lauro Jardim, e publicada no site da revista &#8220;Exame&#8221;, publica\u00e7\u00e3o do pr\u00f3prio grupo.<\/p>\n<div id=\"attachment_15918\" style=\"width: 410px\" class=\"wp-caption alignright\"><a href=\"https:\/\/tvtecjundiai.com.br\/news\/wp-content\/uploads\/sites\/2\/2018\/08\/15320414295b5118d556e18_1532041429_3x2_lg.jpg\"><img loading=\"lazy\" decoding=\"async\" aria-describedby=\"caption-attachment-15918\" class=\"wp-image-15918\" src=\"https:\/\/tvtecjundiai.com.br\/news\/wp-content\/uploads\/sites\/2\/2018\/08\/15320414295b5118d556e18_1532041429_3x2_lg-300x200.jpg\" alt=\"\" width=\"400\" height=\"267\" srcset=\"https:\/\/tvtecjundiai.com.br\/news\/wp-content\/uploads\/sites\/2\/2018\/08\/15320414295b5118d556e18_1532041429_3x2_lg-300x200.jpg 300w, https:\/\/tvtecjundiai.com.br\/news\/wp-content\/uploads\/sites\/2\/2018\/08\/15320414295b5118d556e18_1532041429_3x2_lg-768x512.jpg 768w, https:\/\/tvtecjundiai.com.br\/news\/wp-content\/uploads\/sites\/2\/2018\/08\/15320414295b5118d556e18_1532041429_3x2_lg.jpg 1024w\" sizes=\"auto, (max-width: 400px) 100vw, 400px\" \/><\/a><p id=\"caption-attachment-15918\" class=\"wp-caption-text\">A empresa citou no pedido d\u00edvidas de R$ 1,6 bilh\u00e3o, segundo a Reuters<\/p><\/div>\n<\/div>\n<div class=\"wall\">\n<div class=\"mc-column content-text active-extra-styles \" data-block-type=\"unstyled\" data-block-weight=\"47\" data-block-id=\"3\">\n<p class=\"content-text__container \" data-track-category=\"Link no Texto\" data-track-links=\"\">Segundo a Abril, o pedido est\u00e1 sendo formalizado nesta quarta-feira pelo sistema eletr\u00f4nico da Justi\u00e7a. \u201cDeve ser analisado por um juiz nas pr\u00f3ximas semanas e, uma vez aprovado, o plano de recupera\u00e7\u00e3o judicial ser\u00e1 apresentado num prazo de 60 dias aos credores da companhia\u201d, diz a companhia.<\/p>\n<\/div>\n<div class=\"mc-column content-text active-extra-styles \" data-block-type=\"unstyled\" data-block-weight=\"42\" data-block-id=\"6\">\n<p class=\"content-text__container \" data-track-category=\"Link no Texto\" data-track-links=\"\">Este m\u00eas, o Grupo Abril anunciou o\u00a0encerramento de diversos t\u00edtulos, como \u201cparte de seu processo de reestrutura\u00e7\u00e3o\u201d. A Abril listou os t\u00edtulos que permanecer\u00e3o em circula\u00e7\u00e3o, entre eles Veja, Veja S\u00e3o Paulo, Exame, Quatro Rodas, Claudia, Sa\u00fade, Superinteressante, Viagem e Turismo.<\/p>\n<\/div>\n<div class=\"mc-column content-text active-extra-styles \" data-block-type=\"unstyled\" data-block-weight=\"22\" data-block-id=\"7\">\n<p class=\"content-text__container \" data-track-category=\"Link no Texto\" data-track-links=\"\">A empresa n\u00e3o mencionou os t\u00edtulos que seriam descontinuados, mas ficaram de fora da lista marcas como Mundo Estranho, Cosmopolitan e Elle. Por meio de nota, a Abril disse que a reformula\u00e7\u00e3o tem o \u201cobjetivo de garantir sua sa\u00fade operacional em um ambiente de profundas transforma\u00e7\u00f5es tecnol\u00f3gicas\u201d, em \u201ccircunst\u00e2ncias impostas por uma economia e um mercado substancialmente menores do que os que trouxeram a Abril at\u00e9 aqui\u201d.<\/p>\n<p data-track-category=\"Link no Texto\" data-track-links=\"\"><em>(Fonte: G1)<\/em><\/p>\n<\/div>\n<\/div>\n","protected":false},"excerpt":{"rendered":"<p>Medida visa reequil\u00edbrio financeiro da empresa <\/p>\n","protected":false},"author":11,"featured_media":15918,"comment_status":"closed","ping_status":"closed","sticky":false,"template":"","format":"standard","meta":{"footnotes":""},"categories":[2834,2829,1],"tags":[2112,346,556],"class_list":["post-15895","post","type-post","status-publish","format-standard","has-post-thumbnail","hentry","category-cidades","category-economia","category-noticias","tag-cidades","tag-economia","tag-noticias"],"_links":{"self":[{"href":"https:\/\/tvtecjundiai.com.br\/news\/wp-json\/wp\/v2\/posts\/15895","targetHints":{"allow":["GET"]}}],"collection":[{"href":"https:\/\/tvtecjundiai.com.br\/news\/wp-json\/wp\/v2\/posts"}],"about":[{"href":"https:\/\/tvtecjundiai.com.br\/news\/wp-json\/wp\/v2\/types\/post"}],"author":[{"embeddable":true,"href":"https:\/\/tvtecjundiai.com.br\/news\/wp-json\/wp\/v2\/users\/11"}],"replies":[{"embeddable":true,"href":"https:\/\/tvtecjundiai.com.br\/news\/wp-json\/wp\/v2\/comments?post=15895"}],"version-history":[{"count":2,"href":"https:\/\/tvtecjundiai.com.br\/news\/wp-json\/wp\/v2\/posts\/15895\/revisions"}],"predecessor-version":[{"id":15919,"href":"https:\/\/tvtecjundiai.com.br\/news\/wp-json\/wp\/v2\/posts\/15895\/revisions\/15919"}],"wp:featuredmedia":[{"embeddable":true,"href":"https:\/\/tvtecjundiai.com.br\/news\/wp-json\/wp\/v2\/media\/15918"}],"wp:attachment":[{"href":"https:\/\/tvtecjundiai.com.br\/news\/wp-json\/wp\/v2\/media?parent=15895"}],"wp:term":[{"taxonomy":"category","embeddable":true,"href":"https:\/\/tvtecjundiai.com.br\/news\/wp-json\/wp\/v2\/categories?post=15895"},{"taxonomy":"post_tag","embeddable":true,"href":"https:\/\/tvtecjundiai.com.br\/news\/wp-json\/wp\/v2\/tags?post=15895"}],"curies":[{"name":"wp","href":"https:\/\/api.w.org\/{rel}","templated":true}]}}