{"id":16111,"date":"2018-08-21T08:19:21","date_gmt":"2018-08-21T11:19:21","guid":{"rendered":"https:\/\/tvtecjundiai.com.br\/news\/?p=16111"},"modified":"2018-08-21T09:56:12","modified_gmt":"2018-08-21T12:56:12","slug":"passeio-ciclistico-percorre-o-centro-neste-domingo-26","status":"publish","type":"post","link":"https:\/\/tvtecjundiai.com.br\/news\/2018\/08\/21\/passeio-ciclistico-percorre-o-centro-neste-domingo-26\/","title":{"rendered":"Passeio Cicl\u00edstico percorre o Centro neste domingo (26)"},"content":{"rendered":"<p>A Unidade de Gest\u00e3o de Cultura (UGC) realiza\u00a0o segundo Passeio Cicl\u00edstico da Rota Tur\u00edstica do Centro Hist\u00f3rico, neste domingo (26).\u00a0Lan\u00e7ada em agosto do ano passado, a Rota possui cem pontos de interesse hist\u00f3rico dentro do per\u00edmetro central de Jundia\u00ed, alguns dos quais ser\u00e3o percorridos e comentados durante o passeio. A atividade faz parte da programa\u00e7\u00e3o\u00a0do M\u00eas do Patrim\u00f4nio Hist\u00f3rico e Cultural.\u00a0O encontro ser\u00e1 \u00e0s 10h, na Antiga Esta\u00e7\u00e3o de Tratamento de \u00c1gua (o atual Vel\u00f3rio Municipal Adamastor Fernandes), pelo acesso da rua Campos Salles.<\/p>\n<div id=\"attachment_16112\" style=\"width: 385px\" class=\"wp-caption alignleft\"><a href=\"https:\/\/tvtecjundiai.com.br\/news\/wp-content\/uploads\/sites\/2\/2018\/08\/rota-turistica_centro-1.jpg\"><img loading=\"lazy\" decoding=\"async\" aria-describedby=\"caption-attachment-16112\" class=\"wp-image-16112\" src=\"https:\/\/tvtecjundiai.com.br\/news\/wp-content\/uploads\/sites\/2\/2018\/08\/rota-turistica_centro-1-300x184.jpg\" alt=\"\" width=\"375\" height=\"230\" srcset=\"https:\/\/tvtecjundiai.com.br\/news\/wp-content\/uploads\/sites\/2\/2018\/08\/rota-turistica_centro-1-300x184.jpg 300w, https:\/\/tvtecjundiai.com.br\/news\/wp-content\/uploads\/sites\/2\/2018\/08\/rota-turistica_centro-1-768x472.jpg 768w, https:\/\/tvtecjundiai.com.br\/news\/wp-content\/uploads\/sites\/2\/2018\/08\/rota-turistica_centro-1-1200x737.jpg 1200w, https:\/\/tvtecjundiai.com.br\/news\/wp-content\/uploads\/sites\/2\/2018\/08\/rota-turistica_centro-1.jpg 1280w\" sizes=\"auto, (max-width: 375px) 100vw, 375px\" \/><\/a><p id=\"caption-attachment-16112\" class=\"wp-caption-text\">A atividade \u00e9 gratuita e n\u00e3o necessita de inscri\u00e7\u00e3o pr\u00e9via<\/p><\/div>\n<p>O percurso segue com coment\u00e1rios e refer\u00eancias hist\u00f3ricas pela Fratellanza Italiana (Antiga Casa de Sa\u00fade), Hospital S\u00e3o Vicente de Paulo, Mosteiro de S\u00e3o Bento, Escola Conde do Parna\u00edba, Antiga C\u00e2mara e F\u00f3rum, Museu Hist\u00f3rico e Cultural \u2013 Solar do Bar\u00e3o, Catedral Nossa Senhora do Desterro, Gabinete de Leitura Ruy Barbosa, Teatro Polytheama e Pinacoteca Di\u00f3genes Duarte Paes, onde est\u00e1 prevista a chegada do grupo \u00e0s 12h.<\/p>\n<p>Para o diretor do Departamento de Patrim\u00f4nio Hist\u00f3rico da UGC, William Paix\u00e3o, o passeio estimula um novo olhar para a paisagem urbana. \u201cRealizamos a primeira edi\u00e7\u00e3o deste passeio em dezembro do ano passado, como parte das comemora\u00e7\u00f5es do anivers\u00e1rio de Jundia\u00ed.\u201d<\/p>\n<p><em>(Fonte e imagem: Prefeitura de Jundia\u00ed)<\/em><\/p>\n","protected":false},"excerpt":{"rendered":"<p>Percurso compreender\u00e1 a regi\u00e3o central de Jundia\u00ed <\/p>\n","protected":false},"author":11,"featured_media":16112,"comment_status":"closed","ping_status":"closed","sticky":false,"template":"","format":"standard","meta":{"footnotes":""},"categories":[2834,2833,1],"tags":[84,3692,556,3872],"class_list":["post-16111","post","type-post","status-publish","format-standard","has-post-thumbnail","hentry","category-cidades","category-cultura","category-noticias","tag-cultura","tag-mes-do-patrimonio-historico-e-cultural","tag-noticias","tag-passeio-ciclistico"],"_links":{"self":[{"href":"https:\/\/tvtecjundiai.com.br\/news\/wp-json\/wp\/v2\/posts\/16111","targetHints":{"allow":["GET"]}}],"collection":[{"href":"https:\/\/tvtecjundiai.com.br\/news\/wp-json\/wp\/v2\/posts"}],"about":[{"href":"https:\/\/tvtecjundiai.com.br\/news\/wp-json\/wp\/v2\/types\/post"}],"author":[{"embeddable":true,"href":"https:\/\/tvtecjundiai.com.br\/news\/wp-json\/wp\/v2\/users\/11"}],"replies":[{"embeddable":true,"href":"https:\/\/tvtecjundiai.com.br\/news\/wp-json\/wp\/v2\/comments?post=16111"}],"version-history":[{"count":4,"href":"https:\/\/tvtecjundiai.com.br\/news\/wp-json\/wp\/v2\/posts\/16111\/revisions"}],"predecessor-version":[{"id":16134,"href":"https:\/\/tvtecjundiai.com.br\/news\/wp-json\/wp\/v2\/posts\/16111\/revisions\/16134"}],"wp:featuredmedia":[{"embeddable":true,"href":"https:\/\/tvtecjundiai.com.br\/news\/wp-json\/wp\/v2\/media\/16112"}],"wp:attachment":[{"href":"https:\/\/tvtecjundiai.com.br\/news\/wp-json\/wp\/v2\/media?parent=16111"}],"wp:term":[{"taxonomy":"category","embeddable":true,"href":"https:\/\/tvtecjundiai.com.br\/news\/wp-json\/wp\/v2\/categories?post=16111"},{"taxonomy":"post_tag","embeddable":true,"href":"https:\/\/tvtecjundiai.com.br\/news\/wp-json\/wp\/v2\/tags?post=16111"}],"curies":[{"name":"wp","href":"https:\/\/api.w.org\/{rel}","templated":true}]}}