{"id":16227,"date":"2018-08-23T07:27:18","date_gmt":"2018-08-23T10:27:18","guid":{"rendered":"https:\/\/tvtecjundiai.com.br\/news\/?p=16227"},"modified":"2018-08-23T07:27:18","modified_gmt":"2018-08-23T10:27:18","slug":"alunos-ganham-premio-na-semana-de-prevencao-contra-deficiencia","status":"publish","type":"post","link":"https:\/\/tvtecjundiai.com.br\/news\/2018\/08\/23\/alunos-ganham-premio-na-semana-de-prevencao-contra-deficiencia\/","title":{"rendered":"Alunos ganham pr\u00eamio na Semana de Preven\u00e7\u00e3o contra Defici\u00eancia"},"content":{"rendered":"<p>Os alunos da Rede Municipal de Ensino ganharam certificado de premia\u00e7\u00e3o\u00a0pelos trabalhos realizados para a 25\u00aa edi\u00e7\u00e3o da Semana Municipal de Preven\u00e7\u00e3o contra Defici\u00eancias, nesta quarta (21). Eles\u00a0foram entregues pelo assessor municipal de Pol\u00edticas para a Pessoa com Defici\u00eancia, Marco Ant\u00f4nio dos Santos, e pela gestora de Educa\u00e7\u00e3o, Vasti Ferrari Marques.<\/p>\n<div id=\"attachment_16228\" style=\"width: 351px\" class=\"wp-caption alignleft\"><a href=\"https:\/\/tvtecjundiai.com.br\/news\/wp-content\/uploads\/sites\/2\/2018\/08\/premiacao-semana-de-prevencao-das-deficiencias_c_-43.jpg\"><img loading=\"lazy\" decoding=\"async\" aria-describedby=\"caption-attachment-16228\" class=\"wp-image-16228\" src=\"https:\/\/tvtecjundiai.com.br\/news\/wp-content\/uploads\/sites\/2\/2018\/08\/premiacao-semana-de-prevencao-das-deficiencias_c_-43-300x200.jpg\" alt=\"\" width=\"341\" height=\"227\" srcset=\"https:\/\/tvtecjundiai.com.br\/news\/wp-content\/uploads\/sites\/2\/2018\/08\/premiacao-semana-de-prevencao-das-deficiencias_c_-43-300x200.jpg 300w, https:\/\/tvtecjundiai.com.br\/news\/wp-content\/uploads\/sites\/2\/2018\/08\/premiacao-semana-de-prevencao-das-deficiencias_c_-43-768x512.jpg 768w, https:\/\/tvtecjundiai.com.br\/news\/wp-content\/uploads\/sites\/2\/2018\/08\/premiacao-semana-de-prevencao-das-deficiencias_c_-43-1200x800.jpg 1200w, https:\/\/tvtecjundiai.com.br\/news\/wp-content\/uploads\/sites\/2\/2018\/08\/premiacao-semana-de-prevencao-das-deficiencias_c_-43.jpg 1280w\" sizes=\"auto, (max-width: 341px) 100vw, 341px\" \/><\/a><p id=\"caption-attachment-16228\" class=\"wp-caption-text\">A Semana Municipal de Preven\u00e7\u00e3o das Defici\u00eancias foi institu\u00edda pela Lei 4043\/91<\/p><\/div>\n<p>Durante a cerim\u00f4nia, pais e estudantes presentes puderam acompanhar a apresenta\u00e7\u00e3o dos trabalhos vencedores nas categorias fotografia, dan\u00e7a, m\u00fasica e produ\u00e7\u00e3o textual. \u201cO objetivo \u00e9 fomentar a conscientiza\u00e7\u00e3o e desenvolver a\u00e7\u00f5es preventivas, por meio de atividades art\u00edsticas e culturais comemorativas, reflexivas e relacionadas ao tema\u201d, pontuou Marco Ant\u00f4nio.<\/p>\n<p>Segundo o assessor, os trabalhos vencedores ficar\u00e3o expostos nas escolas e os professores v\u00e3o promover debates sobre o tema.<\/p>\n<p>Estudantes das Emebs Paulo Gon\u00e7alves de Melo, Vasco Antonio Venchiarutti, Hermenegildo Martinelli, Marian de Almeida Rinaldi Carvalho, Jos\u00e9 Romeiro Pereira, Geraldo Pinto Duarte Paes, Jo\u00e3o Maria Gonzaga de Lacerda, Jo\u00e3o Luiz de Campos, Jo\u00e3o Batista de Toledo, Pedro de Oliveira e Armando Santini. O evento contou tamb\u00e9m com a participa\u00e7\u00e3o de alunos do Programa de Esportes e Atividades Motoras Adaptadas (PEAMA).<\/p>\n<p><em>(Fonte e imagem: Prefeitura de Jundia\u00ed)<\/em><\/p>\n","protected":false},"excerpt":{"rendered":"<p>Os trabalhos ficar\u00e3o expostos nas escolas participantes <\/p>\n","protected":false},"author":11,"featured_media":16228,"comment_status":"closed","ping_status":"closed","sticky":false,"template":"","format":"standard","meta":{"footnotes":""},"categories":[2834,1],"tags":[2112,21,556,3885],"class_list":["post-16227","post","type-post","status-publish","format-standard","has-post-thumbnail","hentry","category-cidades","category-noticias","tag-cidades","tag-educacao","tag-noticias","tag-semana-da-prevencao-da-deficiencia"],"_links":{"self":[{"href":"https:\/\/tvtecjundiai.com.br\/news\/wp-json\/wp\/v2\/posts\/16227","targetHints":{"allow":["GET"]}}],"collection":[{"href":"https:\/\/tvtecjundiai.com.br\/news\/wp-json\/wp\/v2\/posts"}],"about":[{"href":"https:\/\/tvtecjundiai.com.br\/news\/wp-json\/wp\/v2\/types\/post"}],"author":[{"embeddable":true,"href":"https:\/\/tvtecjundiai.com.br\/news\/wp-json\/wp\/v2\/users\/11"}],"replies":[{"embeddable":true,"href":"https:\/\/tvtecjundiai.com.br\/news\/wp-json\/wp\/v2\/comments?post=16227"}],"version-history":[{"count":1,"href":"https:\/\/tvtecjundiai.com.br\/news\/wp-json\/wp\/v2\/posts\/16227\/revisions"}],"predecessor-version":[{"id":16229,"href":"https:\/\/tvtecjundiai.com.br\/news\/wp-json\/wp\/v2\/posts\/16227\/revisions\/16229"}],"wp:featuredmedia":[{"embeddable":true,"href":"https:\/\/tvtecjundiai.com.br\/news\/wp-json\/wp\/v2\/media\/16228"}],"wp:attachment":[{"href":"https:\/\/tvtecjundiai.com.br\/news\/wp-json\/wp\/v2\/media?parent=16227"}],"wp:term":[{"taxonomy":"category","embeddable":true,"href":"https:\/\/tvtecjundiai.com.br\/news\/wp-json\/wp\/v2\/categories?post=16227"},{"taxonomy":"post_tag","embeddable":true,"href":"https:\/\/tvtecjundiai.com.br\/news\/wp-json\/wp\/v2\/tags?post=16227"}],"curies":[{"name":"wp","href":"https:\/\/api.w.org\/{rel}","templated":true}]}}