{"id":16314,"date":"2018-08-24T09:06:27","date_gmt":"2018-08-24T12:06:27","guid":{"rendered":"https:\/\/tvtecjundiai.com.br\/news\/?p=16314"},"modified":"2018-08-24T13:11:06","modified_gmt":"2018-08-24T16:11:06","slug":"fmj-realiza-encontros-sobre-saude-mental-do-estudante","status":"publish","type":"post","link":"https:\/\/tvtecjundiai.com.br\/news\/2018\/08\/24\/fmj-realiza-encontros-sobre-saude-mental-do-estudante\/","title":{"rendered":"FMJ realiza encontros sobre sa\u00fade mental do estudante"},"content":{"rendered":"<div id=\"attachment_6646\" style=\"width: 360px\" class=\"wp-caption alignleft\"><a href=\"https:\/\/tvtecjundiai.com.br\/news\/wp-content\/uploads\/sites\/2\/2018\/02\/Faculdade-de-Medicina-de-Jundia\u00ed-divulga-list\u00e3o-do-vestibular-2017.jpg\"><img loading=\"lazy\" decoding=\"async\" aria-describedby=\"caption-attachment-6646\" class=\"wp-image-6646\" src=\"https:\/\/tvtecjundiai.com.br\/news\/wp-content\/uploads\/sites\/2\/2018\/02\/Faculdade-de-Medicina-de-Jundia\u00ed-divulga-list\u00e3o-do-vestibular-2017-300x220.jpg\" alt=\"\" width=\"350\" height=\"256\" srcset=\"https:\/\/tvtecjundiai.com.br\/news\/wp-content\/uploads\/sites\/2\/2018\/02\/Faculdade-de-Medicina-de-Jundia\u00ed-divulga-list\u00e3o-do-vestibular-2017-300x220.jpg 300w, https:\/\/tvtecjundiai.com.br\/news\/wp-content\/uploads\/sites\/2\/2018\/02\/Faculdade-de-Medicina-de-Jundia\u00ed-divulga-list\u00e3o-do-vestibular-2017-768x562.jpg 768w, https:\/\/tvtecjundiai.com.br\/news\/wp-content\/uploads\/sites\/2\/2018\/02\/Faculdade-de-Medicina-de-Jundia\u00ed-divulga-list\u00e3o-do-vestibular-2017.jpg 1000w\" sizes=\"auto, (max-width: 350px) 100vw, 350px\" \/><\/a><p id=\"caption-attachment-6646\" class=\"wp-caption-text\">O valor do investimento dos interessados \u00e9 de R$ 15<\/p><\/div>\n<p>A Faculdade de Medicina de Jundia\u00ed em conjunto com Departamentos, Cultural e Imprensa, em parceria com a Comiss\u00e3o de Apoio \u00e0 Sa\u00fade Mental (CASM) organizam a I Semana da Sa\u00fade Mental da FMJ. Nos dias 27 e 28 de agosto de 2018 ser\u00e3o realizadas oficinas para relaxar e abstrair da rotina corrida da faculdade.<\/p>\n<p>J\u00e1 no dia 29 de agosto haver\u00e1 a segunda edi\u00e7\u00e3o do Simp\u00f3sio de Sa\u00fade Mental do Estudante, com tr\u00eas palestras voltadas para os principais problemas de sa\u00fade mental enfrentados pelos estudantes e como super\u00e1-los.<\/p>\n<p style=\"font-weight: 400;\">Est\u00e3o programados os seguintes temas e palestrantes:\u00a0Transtornos psiqui\u00e1tricos entre os estudantes de medicina &#8211; Profa. Dra. Paula Villela Nunes ; Sa\u00fade metal: como encontrar f\u00f4lego para lidar e aliviar as dificuldades, as press\u00f5es e o estresse &#8211; Karen Dias \u00a0e \u00c1lcool e drogas: fuga para os estudantes de medicina &#8211; Profa. Ma. Marjourie Dragoni De Arruda Biscaro\u00a0.<\/p>\n<p style=\"font-weight: 400;\"><em>(Fonte: Assessoria de Imprensa)<\/em><\/p>\n","protected":false},"excerpt":{"rendered":"<p>Evento ser\u00e1 realizado entre os dias 27 e 29 de Agosto<\/p>\n","protected":false},"author":11,"featured_media":6614,"comment_status":"closed","ping_status":"closed","sticky":false,"template":"","format":"standard","meta":{"footnotes":""},"categories":[2834,1],"tags":[2112,409,556,3898],"class_list":["post-16314","post","type-post","status-publish","format-standard","has-post-thumbnail","hentry","category-cidades","category-noticias","tag-cidades","tag-fmj","tag-noticias","tag-saude-mental-do-estudante"],"_links":{"self":[{"href":"https:\/\/tvtecjundiai.com.br\/news\/wp-json\/wp\/v2\/posts\/16314","targetHints":{"allow":["GET"]}}],"collection":[{"href":"https:\/\/tvtecjundiai.com.br\/news\/wp-json\/wp\/v2\/posts"}],"about":[{"href":"https:\/\/tvtecjundiai.com.br\/news\/wp-json\/wp\/v2\/types\/post"}],"author":[{"embeddable":true,"href":"https:\/\/tvtecjundiai.com.br\/news\/wp-json\/wp\/v2\/users\/11"}],"replies":[{"embeddable":true,"href":"https:\/\/tvtecjundiai.com.br\/news\/wp-json\/wp\/v2\/comments?post=16314"}],"version-history":[{"count":4,"href":"https:\/\/tvtecjundiai.com.br\/news\/wp-json\/wp\/v2\/posts\/16314\/revisions"}],"predecessor-version":[{"id":16382,"href":"https:\/\/tvtecjundiai.com.br\/news\/wp-json\/wp\/v2\/posts\/16314\/revisions\/16382"}],"wp:featuredmedia":[{"embeddable":true,"href":"https:\/\/tvtecjundiai.com.br\/news\/wp-json\/wp\/v2\/media\/6614"}],"wp:attachment":[{"href":"https:\/\/tvtecjundiai.com.br\/news\/wp-json\/wp\/v2\/media?parent=16314"}],"wp:term":[{"taxonomy":"category","embeddable":true,"href":"https:\/\/tvtecjundiai.com.br\/news\/wp-json\/wp\/v2\/categories?post=16314"},{"taxonomy":"post_tag","embeddable":true,"href":"https:\/\/tvtecjundiai.com.br\/news\/wp-json\/wp\/v2\/tags?post=16314"}],"curies":[{"name":"wp","href":"https:\/\/api.w.org\/{rel}","templated":true}]}}