{"id":16374,"date":"2018-08-24T11:45:46","date_gmt":"2018-08-24T14:45:46","guid":{"rendered":"https:\/\/tvtecjundiai.com.br\/news\/?p=16374"},"modified":"2018-08-24T12:58:14","modified_gmt":"2018-08-24T15:58:14","slug":"pedro-mariano-se-apresenta-no-polytheama-neste-sabado-25","status":"publish","type":"post","link":"https:\/\/tvtecjundiai.com.br\/news\/2018\/08\/24\/pedro-mariano-se-apresenta-no-polytheama-neste-sabado-25\/","title":{"rendered":"Pedro Mariano se apresenta no Polytheama neste s\u00e1bado (25)"},"content":{"rendered":"<div id=\"attachment_16375\" style=\"width: 360px\" class=\"wp-caption alignright\"><a href=\"https:\/\/tvtecjundiai.com.br\/news\/wp-content\/uploads\/sites\/2\/2018\/08\/pedromariano_reproducao.jpg\"><img loading=\"lazy\" decoding=\"async\" aria-describedby=\"caption-attachment-16375\" class=\"wp-image-16375\" src=\"https:\/\/tvtecjundiai.com.br\/news\/wp-content\/uploads\/sites\/2\/2018\/08\/pedromariano_reproducao-300x206.jpg\" alt=\"\" width=\"350\" height=\"240\" \/><\/a><p id=\"caption-attachment-16375\" class=\"wp-caption-text\">Ingressos custam R$ 40 (meia entrada) e R$ 80 (inteira)<\/p><\/div>\n<p>O cantor e compositor Pedro Mariano se apresenta no Teatro Polytheama neste s\u00e1bado (25). Os ingressos custam R$ 40 (meia entrada) e R$ 80 (inteira) e podem ser adquiridos no site do <strong><a href=\"https:\/\/www.ingressorapido.com.br\/event\/8947\/d\/38535\">Ingresso R\u00e1pido<\/a>.\u00a0<\/strong>O espet\u00e1culo tem in\u00edcio \u00e0s 20h30.<\/p>\n<p>Filho da cantora Elis Regina, Pedro Mariano criou, em 2017, o projeto intitulado \u201cPedro Mariano e Orquestra Show DNA\u201d, onde apresenta can\u00e7\u00f5es que representam sua trajet\u00f3ria de vida. No repert\u00f3rio, apresenta ao p\u00fablico can\u00e7\u00f5es in\u00e9ditas. Entre elas,\u00a0DNA\u00a0(Edu Tedeski),\u00a0Algu\u00e9m dir\u00e1\u00a0(Pedro Alt\u00e9rio e Pedro Vi\u00e1fora) e\u00a0Enfim\u00a0(Daniel Carlomagno).<\/p>\n<p>O show tamb\u00e9m conta com regrava\u00e7\u00f5es de importantes autores da MPB, como Guilherme Arantes (\u00caxtase), Ana Carolina, Chiara Civello e Edu Krieger (Um Pouco Mais Perto). Releituras de musicas como\u00a0Risos e Mem\u00f3rias, gravadas anteriormente em CD de carreira, tamb\u00e9m integram o novo projeto.<\/p>\n<p><em>(Fonte e Imagem: Cultura Jundia\u00ed\/Site Oficial Pedro Mariano)<\/em><\/p>\n","protected":false},"excerpt":{"rendered":"<p>Ingressos ainda est\u00e3o dispon\u00edveis; Espet\u00e1culo tem in\u00edcio \u00e0s 20h30<\/p>\n","protected":false},"author":10,"featured_media":16375,"comment_status":"closed","ping_status":"closed","sticky":false,"template":"","format":"standard","meta":{"footnotes":""},"categories":[2834,2833,29],"tags":[3902,10],"class_list":["post-16374","post","type-post","status-publish","format-standard","has-post-thumbnail","hentry","category-cidades","category-cultura","category-destaque","tag-pedro-mariano","tag-teatro-polytheama"],"_links":{"self":[{"href":"https:\/\/tvtecjundiai.com.br\/news\/wp-json\/wp\/v2\/posts\/16374","targetHints":{"allow":["GET"]}}],"collection":[{"href":"https:\/\/tvtecjundiai.com.br\/news\/wp-json\/wp\/v2\/posts"}],"about":[{"href":"https:\/\/tvtecjundiai.com.br\/news\/wp-json\/wp\/v2\/types\/post"}],"author":[{"embeddable":true,"href":"https:\/\/tvtecjundiai.com.br\/news\/wp-json\/wp\/v2\/users\/10"}],"replies":[{"embeddable":true,"href":"https:\/\/tvtecjundiai.com.br\/news\/wp-json\/wp\/v2\/comments?post=16374"}],"version-history":[{"count":3,"href":"https:\/\/tvtecjundiai.com.br\/news\/wp-json\/wp\/v2\/posts\/16374\/revisions"}],"predecessor-version":[{"id":16378,"href":"https:\/\/tvtecjundiai.com.br\/news\/wp-json\/wp\/v2\/posts\/16374\/revisions\/16378"}],"wp:featuredmedia":[{"embeddable":true,"href":"https:\/\/tvtecjundiai.com.br\/news\/wp-json\/wp\/v2\/media\/16375"}],"wp:attachment":[{"href":"https:\/\/tvtecjundiai.com.br\/news\/wp-json\/wp\/v2\/media?parent=16374"}],"wp:term":[{"taxonomy":"category","embeddable":true,"href":"https:\/\/tvtecjundiai.com.br\/news\/wp-json\/wp\/v2\/categories?post=16374"},{"taxonomy":"post_tag","embeddable":true,"href":"https:\/\/tvtecjundiai.com.br\/news\/wp-json\/wp\/v2\/tags?post=16374"}],"curies":[{"name":"wp","href":"https:\/\/api.w.org\/{rel}","templated":true}]}}