{"id":16438,"date":"2018-08-27T08:05:33","date_gmt":"2018-08-27T11:05:33","guid":{"rendered":"https:\/\/tvtecjundiai.com.br\/news\/?p=16438"},"modified":"2018-08-27T08:05:33","modified_gmt":"2018-08-27T11:05:33","slug":"participantes-de-simposio-fazem-visita-cultural","status":"publish","type":"post","link":"https:\/\/tvtecjundiai.com.br\/news\/2018\/08\/27\/participantes-de-simposio-fazem-visita-cultural\/","title":{"rendered":"Participantes de Simp\u00f3sio fazem visita cultural"},"content":{"rendered":"<p>Os participantes do\u00a06\u00ba Simp\u00f3sio sobre Patrim\u00f4nio Material e Imaterial fizeram uma visita\u00a0aos equipamentos hist\u00f3ricos como o Complexo Fepasa, a Ponte Torta, Pinacoteca, Teatro Polytheama, Gabinete de Leitura, Solar do Bar\u00e3o e Catedral Jundiaiense. Conferiram tamb\u00e9m a apresenta\u00e7\u00e3o do Projeto Passaporte Cultural \u2013 Guardi\u00f5es do Patrim\u00f4nio de Jundia\u00ed.<\/p>\n<div id=\"attachment_16439\" style=\"width: 310px\" class=\"wp-caption alignright\"><a href=\"https:\/\/tvtecjundiai.com.br\/news\/wp-content\/uploads\/sites\/2\/2018\/08\/visita-tecnica-1.jpg\"><img loading=\"lazy\" decoding=\"async\" aria-describedby=\"caption-attachment-16439\" class=\"wp-image-16439\" src=\"https:\/\/tvtecjundiai.com.br\/news\/wp-content\/uploads\/sites\/2\/2018\/08\/visita-tecnica-1-300x200.jpg\" alt=\"\" width=\"300\" height=\"200\" srcset=\"https:\/\/tvtecjundiai.com.br\/news\/wp-content\/uploads\/sites\/2\/2018\/08\/visita-tecnica-1-300x200.jpg 300w, https:\/\/tvtecjundiai.com.br\/news\/wp-content\/uploads\/sites\/2\/2018\/08\/visita-tecnica-1-768x512.jpg 768w, https:\/\/tvtecjundiai.com.br\/news\/wp-content\/uploads\/sites\/2\/2018\/08\/visita-tecnica-1-1200x800.jpg 1200w, https:\/\/tvtecjundiai.com.br\/news\/wp-content\/uploads\/sites\/2\/2018\/08\/visita-tecnica-1.jpg 1280w\" sizes=\"auto, (max-width: 300px) 100vw, 300px\" \/><\/a><p id=\"caption-attachment-16439\" class=\"wp-caption-text\">Os participantes se inscreveram previamente no\u00a0\u00a06\u00ba Simp\u00f3sio sobre Patrim\u00f4nio Material e Imaterial<\/p><\/div>\n<p>O Passaporte foi lan\u00e7ado no dia 22, na Sala dos Rel\u00f3gios do Complexo Fepasa, e entregue inicialmente a um grupo formado por 20 alunos da Emeb Carlos Foot Guimar\u00e3es que j\u00e1 participava da visita monitorada; aproximadamente 250 crian\u00e7as do grupo G5 (cinco anos) de escolas da rede municipal de ensino j\u00e1 participaram da visita.<\/p>\n<p>&#8220;Estamos realizando um evento diferente a partir deste Simp\u00f3sio, inclusive para popularizar a discuss\u00e3o sobre o patrim\u00f4nio hist\u00f3rico de Jundia\u00ed \u2013 interesse de todos n\u00f3s. Integrando a\u00e7\u00f5es entre Unidades de Gest\u00e3o e representantes de variadas iniciativas. O lan\u00e7amento do Passaporte vem sendo muito elogiado por profissionais especializados e pela comunidade, j\u00e1 apresenta resultados significativos&#8221;,\u00a0declarou o diretor de Patrim\u00f4nio Hist\u00f3rico, William Paix\u00e3o.<\/p>\n<p>Richard Mian Filho \u00e9 estudante de Arquitetura e analista de PCP; logo que soube da proposta sobre a visita t\u00e9cnica, procurou mais informa\u00e7\u00f5es. \u201cNa faculdade tenho mat\u00e9rias sobre Patrim\u00f4nio Hist\u00f3rico. Nada melhor do que conhecer melhor a minha cidade, reviver a sua hist\u00f3ria pelas constru\u00e7\u00f5es e a riqueza em cada detalhe. Achei a proposta muito interessante e necess\u00e1ria para a forma\u00e7\u00e3o, seja qual for a profiss\u00e3o desempenhada.\u201d<\/p>\n<p><em>(Fonte e Imagem: Prefeitura de Jundia\u00ed)<\/em><\/p>\n","protected":false},"excerpt":{"rendered":"<p>O tema trabalhado na visita\u00e7\u00e3o foi \u201cPatrim\u00f4nio, Territ\u00f3rio e Diversidade Cultural\u201d<\/p>\n","protected":false},"author":11,"featured_media":16439,"comment_status":"closed","ping_status":"closed","sticky":false,"template":"","format":"standard","meta":{"footnotes":""},"categories":[2833,1],"tags":[84,556,1347],"class_list":["post-16438","post","type-post","status-publish","format-standard","has-post-thumbnail","hentry","category-cultura","category-noticias","tag-cultura","tag-noticias","tag-visita-tecnica"],"_links":{"self":[{"href":"https:\/\/tvtecjundiai.com.br\/news\/wp-json\/wp\/v2\/posts\/16438","targetHints":{"allow":["GET"]}}],"collection":[{"href":"https:\/\/tvtecjundiai.com.br\/news\/wp-json\/wp\/v2\/posts"}],"about":[{"href":"https:\/\/tvtecjundiai.com.br\/news\/wp-json\/wp\/v2\/types\/post"}],"author":[{"embeddable":true,"href":"https:\/\/tvtecjundiai.com.br\/news\/wp-json\/wp\/v2\/users\/11"}],"replies":[{"embeddable":true,"href":"https:\/\/tvtecjundiai.com.br\/news\/wp-json\/wp\/v2\/comments?post=16438"}],"version-history":[{"count":1,"href":"https:\/\/tvtecjundiai.com.br\/news\/wp-json\/wp\/v2\/posts\/16438\/revisions"}],"predecessor-version":[{"id":16440,"href":"https:\/\/tvtecjundiai.com.br\/news\/wp-json\/wp\/v2\/posts\/16438\/revisions\/16440"}],"wp:featuredmedia":[{"embeddable":true,"href":"https:\/\/tvtecjundiai.com.br\/news\/wp-json\/wp\/v2\/media\/16439"}],"wp:attachment":[{"href":"https:\/\/tvtecjundiai.com.br\/news\/wp-json\/wp\/v2\/media?parent=16438"}],"wp:term":[{"taxonomy":"category","embeddable":true,"href":"https:\/\/tvtecjundiai.com.br\/news\/wp-json\/wp\/v2\/categories?post=16438"},{"taxonomy":"post_tag","embeddable":true,"href":"https:\/\/tvtecjundiai.com.br\/news\/wp-json\/wp\/v2\/tags?post=16438"}],"curies":[{"name":"wp","href":"https:\/\/api.w.org\/{rel}","templated":true}]}}