{"id":16494,"date":"2018-08-27T13:21:05","date_gmt":"2018-08-27T16:21:05","guid":{"rendered":"https:\/\/tvtecjundiai.com.br\/news\/?p=16494"},"modified":"2018-08-27T13:21:13","modified_gmt":"2018-08-27T16:21:13","slug":"cafe-tecnologico-tratara-de-consumo-e-e-social","status":"publish","type":"post","link":"https:\/\/tvtecjundiai.com.br\/news\/2018\/08\/27\/cafe-tecnologico-tratara-de-consumo-e-e-social\/","title":{"rendered":"Caf\u00e9 Tecnol\u00f3gico tratar\u00e1 de consumo e E-social"},"content":{"rendered":"<p>O Caf\u00e9 Tecnol\u00f3gico, promovido pela Unidade de Gest\u00e3o de Desenvolvimento Econ\u00f4mico, Ci\u00eancia e Tecnologia (UGDECT), ter\u00e1 dois temas de interesse dos empreendedores no centro dos debates: as tend\u00eancias de consumo e posicionamento de marca e as novidades sobre o E-social e fluxo de caixa. As palestras ser\u00e3o comandadas pela consultora Vanessa Almeida Carvalho e pelo contador Jeferson Vancini, na pr\u00f3xima sexta-feira (31).<\/p>\n<p>O evento, cuja entrada \u00e9 gratuita e aberta \u00e0 popula\u00e7\u00e3o, come\u00e7a \u00e0s 9h, na Incubadora de Empresas. A Incubadora de Empresa fica na avenida Marginal Direita da Rodovia Anhanguera, 480, bairro Retiro. Mais informa\u00e7\u00f5es pelo telefone (11) 4589-8416.<\/p>\n<p><em>(Fonte: Prefeitura de Jundia\u00ed)<\/em><\/p>\n","protected":false},"excerpt":{"rendered":"<p>O evento ser\u00e1 realizado na pr\u00f3xima sexta-feira (31)<\/p>\n","protected":false},"author":11,"featured_media":16495,"comment_status":"closed","ping_status":"closed","sticky":false,"template":"","format":"standard","meta":{"footnotes":""},"categories":[2834,1,2835],"tags":[3172,2112,556,353],"class_list":["post-16494","post","type-post","status-publish","format-standard","has-post-thumbnail","hentry","category-cidades","category-noticias","category-tecnologia","tag-cafe-tecnologico","tag-cidades","tag-noticias","tag-tecnologia"],"_links":{"self":[{"href":"https:\/\/tvtecjundiai.com.br\/news\/wp-json\/wp\/v2\/posts\/16494","targetHints":{"allow":["GET"]}}],"collection":[{"href":"https:\/\/tvtecjundiai.com.br\/news\/wp-json\/wp\/v2\/posts"}],"about":[{"href":"https:\/\/tvtecjundiai.com.br\/news\/wp-json\/wp\/v2\/types\/post"}],"author":[{"embeddable":true,"href":"https:\/\/tvtecjundiai.com.br\/news\/wp-json\/wp\/v2\/users\/11"}],"replies":[{"embeddable":true,"href":"https:\/\/tvtecjundiai.com.br\/news\/wp-json\/wp\/v2\/comments?post=16494"}],"version-history":[{"count":2,"href":"https:\/\/tvtecjundiai.com.br\/news\/wp-json\/wp\/v2\/posts\/16494\/revisions"}],"predecessor-version":[{"id":16497,"href":"https:\/\/tvtecjundiai.com.br\/news\/wp-json\/wp\/v2\/posts\/16494\/revisions\/16497"}],"wp:featuredmedia":[{"embeddable":true,"href":"https:\/\/tvtecjundiai.com.br\/news\/wp-json\/wp\/v2\/media\/16495"}],"wp:attachment":[{"href":"https:\/\/tvtecjundiai.com.br\/news\/wp-json\/wp\/v2\/media?parent=16494"}],"wp:term":[{"taxonomy":"category","embeddable":true,"href":"https:\/\/tvtecjundiai.com.br\/news\/wp-json\/wp\/v2\/categories?post=16494"},{"taxonomy":"post_tag","embeddable":true,"href":"https:\/\/tvtecjundiai.com.br\/news\/wp-json\/wp\/v2\/tags?post=16494"}],"curies":[{"name":"wp","href":"https:\/\/api.w.org\/{rel}","templated":true}]}}