{"id":16663,"date":"2018-08-30T09:04:41","date_gmt":"2018-08-30T12:04:41","guid":{"rendered":"https:\/\/tvtecjundiai.com.br\/news\/?p=16663"},"modified":"2018-08-30T13:27:23","modified_gmt":"2018-08-30T16:27:23","slug":"orquestra-municipal-se-apresenta-neste-sabado-1o","status":"publish","type":"post","link":"https:\/\/tvtecjundiai.com.br\/news\/2018\/08\/30\/orquestra-municipal-se-apresenta-neste-sabado-1o\/","title":{"rendered":"Orquestra Municipal se apresenta neste s\u00e1bado (1\u00ba)"},"content":{"rendered":"<p>A Orquestra Municipal de Jundia\u00ed (OMJ) se apresenta neste s\u00e1bado (1\u00ba) no Teatro Polythema \u00e0s 20 horas. Nessa quarta temporada, o repert\u00f3rio ter\u00e1\u00a0obras de Johann Sebastian Bach, um dos expoentes compositores do per\u00edodo barroco, e de seus filhos Carl Phillip Emanuel e Wilhelm Friedmann.<\/p>\n<div id=\"attachment_16405\" style=\"width: 365px\" class=\"wp-caption alignleft\"><a href=\"https:\/\/tvtecjundiai.com.br\/news\/wp-content\/uploads\/sites\/2\/2018\/08\/orquestra_municipal_de_jundiai-2-1.jpg\"><img loading=\"lazy\" decoding=\"async\" aria-describedby=\"caption-attachment-16405\" class=\"wp-image-16405\" src=\"https:\/\/tvtecjundiai.com.br\/news\/wp-content\/uploads\/sites\/2\/2018\/08\/orquestra_municipal_de_jundiai-2-1-300x168.jpg\" alt=\"\" width=\"355\" height=\"199\" srcset=\"https:\/\/tvtecjundiai.com.br\/news\/wp-content\/uploads\/sites\/2\/2018\/08\/orquestra_municipal_de_jundiai-2-1-300x168.jpg 300w, https:\/\/tvtecjundiai.com.br\/news\/wp-content\/uploads\/sites\/2\/2018\/08\/orquestra_municipal_de_jundiai-2-1-768x430.jpg 768w, https:\/\/tvtecjundiai.com.br\/news\/wp-content\/uploads\/sites\/2\/2018\/08\/orquestra_municipal_de_jundiai-2-1-1200x672.jpg 1200w, https:\/\/tvtecjundiai.com.br\/news\/wp-content\/uploads\/sites\/2\/2018\/08\/orquestra_municipal_de_jundiai-2-1.jpg 1240w\" sizes=\"auto, (max-width: 355px) 100vw, 355px\" \/><\/a><p id=\"caption-attachment-16405\" class=\"wp-caption-text\">Concerto faz parte da quarta temporada de apresenta\u00e7\u00f5es<\/p><\/div>\n<p>O concerto contar\u00e1 com as participa\u00e7\u00f5es especiais de Claudio Ribeiro, um dos mais importantes cravistas brasileiros e regente da Orquestra holandesa Collegium Musicum Den Hagg, e dos violinistas Mayra Pezzuti e Marcos Scheffel, sob a reg\u00eancia da maestrina Claudia Feres.<\/p>\n<p>Os ingressos gratuitos para a apresenta\u00e7\u00e3o ser\u00e3o distribu\u00eddos na bilheteria do teatro a partir desta sexta-feira (31), das 13h \u00e0s 17h, e durante o s\u00e1bado (01), das 14h at\u00e9 o hor\u00e1rio do espet\u00e1culo.<\/p>\n<p>Cada adulto pode retirar at\u00e9 dois ingressos. Al\u00e9m de trazer um programa de grande relev\u00e2ncia cultural, OMJ prestar\u00e1 tamb\u00e9m um servi\u00e7o social de apoio ao Grupo em Defesa da Crian\u00e7a com C\u00e2ncer (Grendacc), cedendo um espa\u00e7o, ao final do concerto, para a realiza\u00e7\u00e3o de doa\u00e7\u00f5es e informa\u00e7\u00f5es sobre o trabalho desenvolvido pela institui\u00e7\u00e3o. O Polytheama fica na rua Bar\u00e3o de Jundia\u00ed, 176, Centro, e os telefones para informa\u00e7\u00f5es s\u00e3o (11) 4586-2472 e 4522-0770, com atendimento de segunda a sexta-feira, das 8h \u00e0s 17h.<\/p>\n<p><em>(Fonte e Imagem: Prefeitura de Jundia\u00ed)<\/em><\/p>\n","protected":false},"excerpt":{"rendered":"<p>OMJ tamb\u00e9m prestar\u00e1 apoio ao Grendacc, que falar\u00e1 sobre seu trabalho no evento <\/p>\n","protected":false},"author":11,"featured_media":14611,"comment_status":"closed","ping_status":"closed","sticky":false,"template":"","format":"standard","meta":{"footnotes":""},"categories":[2834,2833,1],"tags":[1035,84,556,306],"class_list":["post-16663","post","type-post","status-publish","format-standard","has-post-thumbnail","hentry","category-cidades","category-cultura","category-noticias","tag-concerto","tag-cultura","tag-noticias","tag-orquestra-municipal-de-jundiai"],"_links":{"self":[{"href":"https:\/\/tvtecjundiai.com.br\/news\/wp-json\/wp\/v2\/posts\/16663","targetHints":{"allow":["GET"]}}],"collection":[{"href":"https:\/\/tvtecjundiai.com.br\/news\/wp-json\/wp\/v2\/posts"}],"about":[{"href":"https:\/\/tvtecjundiai.com.br\/news\/wp-json\/wp\/v2\/types\/post"}],"author":[{"embeddable":true,"href":"https:\/\/tvtecjundiai.com.br\/news\/wp-json\/wp\/v2\/users\/11"}],"replies":[{"embeddable":true,"href":"https:\/\/tvtecjundiai.com.br\/news\/wp-json\/wp\/v2\/comments?post=16663"}],"version-history":[{"count":3,"href":"https:\/\/tvtecjundiai.com.br\/news\/wp-json\/wp\/v2\/posts\/16663\/revisions"}],"predecessor-version":[{"id":16708,"href":"https:\/\/tvtecjundiai.com.br\/news\/wp-json\/wp\/v2\/posts\/16663\/revisions\/16708"}],"wp:featuredmedia":[{"embeddable":true,"href":"https:\/\/tvtecjundiai.com.br\/news\/wp-json\/wp\/v2\/media\/14611"}],"wp:attachment":[{"href":"https:\/\/tvtecjundiai.com.br\/news\/wp-json\/wp\/v2\/media?parent=16663"}],"wp:term":[{"taxonomy":"category","embeddable":true,"href":"https:\/\/tvtecjundiai.com.br\/news\/wp-json\/wp\/v2\/categories?post=16663"},{"taxonomy":"post_tag","embeddable":true,"href":"https:\/\/tvtecjundiai.com.br\/news\/wp-json\/wp\/v2\/tags?post=16663"}],"curies":[{"name":"wp","href":"https:\/\/api.w.org\/{rel}","templated":true}]}}