{"id":16683,"date":"2018-08-30T10:43:19","date_gmt":"2018-08-30T13:43:19","guid":{"rendered":"https:\/\/tvtecjundiai.com.br\/news\/?p=16683"},"modified":"2018-08-30T10:43:19","modified_gmt":"2018-08-30T13:43:19","slug":"prefeitura-divulga-nota-sobre-racismo-em-escola-estadual","status":"publish","type":"post","link":"https:\/\/tvtecjundiai.com.br\/news\/2018\/08\/30\/prefeitura-divulga-nota-sobre-racismo-em-escola-estadual\/","title":{"rendered":"Prefeitura divulga nota sobre racismo em escola estadual"},"content":{"rendered":"<p>A Assessoria de Pol\u00edticas para a Igualdade Racial, da Prefeitura de Jundia\u00ed, tomou conhecimento dos atos ocorridos na Escola T\u00e9cnica Estadual Vasco Ant\u00f4nio Venchiarutti, que v\u00eam repercutindo nas redes sociais e grandes m\u00eddias da regi\u00e3o de Jundia\u00ed.<\/p>\n<p>Diante disso, esta Assessoria, juntamente com o Conselho Municipal de Participa\u00e7\u00e3o e Desenvolvimento da Comunidade Negra e movimento social negro, se reuniu com a diretoria da escola estadual, na ter\u00e7a-feira (28), a fim de verificar poss\u00edveis a\u00e7\u00f5es de interven\u00e7\u00e3o no ambiente escolar, bem como trabalhar na rede para efetiva\u00e7\u00e3o da Lei n\u00ba 10.639\/03, na perspectiva de mudan\u00e7a da cultura discriminat\u00f3ria e de racismo.<\/p>\n<p>A Prefeitura de Jundia\u00ed reafirma sua postura contra todo e qualquer tipo de discrimina\u00e7\u00e3o e manter\u00e1 sua pol\u00edtica de promo\u00e7\u00e3o de igualdade, em parceria com os mais diversos movimentos sociais organizados de nossa cidade.<\/p>\n<p><em>(Fonte: Prefeitura de Jundia\u00ed)<\/em><\/p>\n","protected":false},"excerpt":{"rendered":"<p>A\u00e7\u00e3o foi depois do \u00f3rg\u00e3o tomar conhecimento de um v\u00eddeo repercutido nas redes sociais <\/p>\n","protected":false},"author":11,"featured_media":8702,"comment_status":"closed","ping_status":"closed","sticky":false,"template":"","format":"standard","meta":{"footnotes":""},"categories":[2834,3127,1],"tags":[2112,3294,2572,556],"class_list":["post-16683","post","type-post","status-publish","format-standard","has-post-thumbnail","hentry","category-cidades","category-institucional","category-noticias","tag-cidades","tag-escola-estadual","tag-nota","tag-noticias"],"_links":{"self":[{"href":"https:\/\/tvtecjundiai.com.br\/news\/wp-json\/wp\/v2\/posts\/16683","targetHints":{"allow":["GET"]}}],"collection":[{"href":"https:\/\/tvtecjundiai.com.br\/news\/wp-json\/wp\/v2\/posts"}],"about":[{"href":"https:\/\/tvtecjundiai.com.br\/news\/wp-json\/wp\/v2\/types\/post"}],"author":[{"embeddable":true,"href":"https:\/\/tvtecjundiai.com.br\/news\/wp-json\/wp\/v2\/users\/11"}],"replies":[{"embeddable":true,"href":"https:\/\/tvtecjundiai.com.br\/news\/wp-json\/wp\/v2\/comments?post=16683"}],"version-history":[{"count":1,"href":"https:\/\/tvtecjundiai.com.br\/news\/wp-json\/wp\/v2\/posts\/16683\/revisions"}],"predecessor-version":[{"id":16685,"href":"https:\/\/tvtecjundiai.com.br\/news\/wp-json\/wp\/v2\/posts\/16683\/revisions\/16685"}],"wp:featuredmedia":[{"embeddable":true,"href":"https:\/\/tvtecjundiai.com.br\/news\/wp-json\/wp\/v2\/media\/8702"}],"wp:attachment":[{"href":"https:\/\/tvtecjundiai.com.br\/news\/wp-json\/wp\/v2\/media?parent=16683"}],"wp:term":[{"taxonomy":"category","embeddable":true,"href":"https:\/\/tvtecjundiai.com.br\/news\/wp-json\/wp\/v2\/categories?post=16683"},{"taxonomy":"post_tag","embeddable":true,"href":"https:\/\/tvtecjundiai.com.br\/news\/wp-json\/wp\/v2\/tags?post=16683"}],"curies":[{"name":"wp","href":"https:\/\/api.w.org\/{rel}","templated":true}]}}