{"id":16728,"date":"2018-08-31T08:15:04","date_gmt":"2018-08-31T11:15:04","guid":{"rendered":"https:\/\/tvtecjundiai.com.br\/news\/?p=16728"},"modified":"2018-08-31T17:23:28","modified_gmt":"2018-08-31T20:23:28","slug":"polytheama-tem-pecas-infantis-e-viagem-fantastica-em-setembro-01","status":"publish","type":"post","link":"https:\/\/tvtecjundiai.com.br\/news\/2018\/08\/31\/polytheama-tem-pecas-infantis-e-viagem-fantastica-em-setembro-01\/","title":{"rendered":"Polytheama ter\u00e1 setembro de espet\u00e1culos diversificados"},"content":{"rendered":"<p>O Teatro Polytheama recebe em setembro atra\u00e7\u00f5es diversificadas, que incluir\u00e3o espet\u00e1culos infantis, de m\u00fasica erudita, show musical, com\u00e9dia e romance. A programa\u00e7\u00e3o come\u00e7a j\u00e1 neste s\u00e1bado (01), \u00e0s 20h, com o concerto da Orquestra Municipal em homenagem \u00e0 Fam\u00edlia Bach.J\u00e1 na sexta-feira (14), \u00e0s 19h, a Unidade de Gest\u00e3o de Cultura e a TVTEC promovem a segunda edi\u00e7\u00e3o do programa Palco da Cidade, que desta vez ir\u00e1 discutir o tema \u201cSuic\u00eddio: A Epidemia Calada\u201d.<\/p>\n<div id=\"attachment_16729\" style=\"width: 410px\" class=\"wp-caption alignright\"><a href=\"https:\/\/tvtecjundiai.com.br\/news\/wp-content\/uploads\/sites\/2\/2018\/08\/teatro_polytheama-5.jpg\"><img loading=\"lazy\" decoding=\"async\" aria-describedby=\"caption-attachment-16729\" class=\"wp-image-16729\" src=\"https:\/\/tvtecjundiai.com.br\/news\/wp-content\/uploads\/sites\/2\/2018\/08\/teatro_polytheama-5-300x200.jpg\" alt=\"\" width=\"400\" height=\"267\" srcset=\"https:\/\/tvtecjundiai.com.br\/news\/wp-content\/uploads\/sites\/2\/2018\/08\/teatro_polytheama-5-300x200.jpg 300w, https:\/\/tvtecjundiai.com.br\/news\/wp-content\/uploads\/sites\/2\/2018\/08\/teatro_polytheama-5-768x512.jpg 768w, https:\/\/tvtecjundiai.com.br\/news\/wp-content\/uploads\/sites\/2\/2018\/08\/teatro_polytheama-5-1200x800.jpg 1200w, https:\/\/tvtecjundiai.com.br\/news\/wp-content\/uploads\/sites\/2\/2018\/08\/teatro_polytheama-5.jpg 1240w\" sizes=\"auto, (max-width: 400px) 100vw, 400px\" \/><\/a><p id=\"caption-attachment-16729\" class=\"wp-caption-text\">A bilheteria funciona de segunda a sexta-feira, das 13 \u00e0s 17 horas, e aos s\u00e1bados, domingos e feriados, das 14 \u00e0s 17 horas<\/p><\/div>\n<p>A programa\u00e7\u00e3o completa pode ser conferida no <a href=\"https:\/\/cultura.jundiai.sp.gov.br\/2018\/08\/polytheama-tem-festival-de-teatro-e-palco-da-cidade-em-setembro\/\" target=\"_blank\" rel=\"noopener\">site da Cultura.<\/a> Setembro \u00e9 tamb\u00e9m o m\u00eas da 2\u00aa edi\u00e7\u00e3o do Festival de Teatro de Jundia\u00ed (Festeju), que ter\u00e1 sua programa\u00e7\u00e3o da Cena Profissional no Polytheama do s\u00e1bado (15) at\u00e9 a sexta-feira (21) e no domingo (23), sempre no per\u00edodo noturno e com atra\u00e7\u00f5es gratuitas.<\/p>\n<p>O programa \u201cViagem Fant\u00e1stica pelo Teatro Polytheama\u201d, tour encenado gratuito pelo teatro centen\u00e1rio, recebe duas edi\u00e7\u00f5es neste m\u00eas: na quinta-feira (06), \u00e0s 10h, e na segunda-feira (10), \u00e0s 14h. Os interessados devem se inscrever pelo telefone 4586-2472.<\/p>\n<p>J\u00e1 a Galeria de Arte Fernanda Perracini Milani traz ao longo do m\u00eas a exposi\u00e7\u00e3o \u201cGenealogia da Arquitetura\u201d, do artista e arquiteto Vinicius Pellegrino. Com entrada gratuita, a mostra faz uma narrativa ilus\u00f3ria da Hist\u00f3ria da Arquitetura atrav\u00e9s de pe\u00e7as ficcionais e de paralelos com tend\u00eancias culturais. O Polytheama fica na rua Bar\u00e3o de Jundia\u00ed, 176, Centro, e os telefones para informa\u00e7\u00f5es s\u00e3o (11) 4586-2472 e 4522-0770, com atendimento de segunda a sexta-feira, das 8h \u00e0s 17h.<\/p>\n<p><em>(Fonte e Imagem: Prefeitura de Jundia\u00ed)<\/em><\/p>\n","protected":false},"excerpt":{"rendered":"<p>Programa\u00e7\u00e3o ter\u00e1 espet\u00e1culos infantis, concerto, palestra e exposi\u00e7\u00f5es <\/p>\n","protected":false},"author":11,"featured_media":16792,"comment_status":"closed","ping_status":"closed","sticky":false,"template":"","format":"standard","meta":{"footnotes":""},"categories":[2833,29,1],"tags":[84,556,10],"class_list":["post-16728","post","type-post","status-publish","format-standard","has-post-thumbnail","hentry","category-cultura","category-destaque","category-noticias","tag-cultura","tag-noticias","tag-teatro-polytheama"],"_links":{"self":[{"href":"https:\/\/tvtecjundiai.com.br\/news\/wp-json\/wp\/v2\/posts\/16728","targetHints":{"allow":["GET"]}}],"collection":[{"href":"https:\/\/tvtecjundiai.com.br\/news\/wp-json\/wp\/v2\/posts"}],"about":[{"href":"https:\/\/tvtecjundiai.com.br\/news\/wp-json\/wp\/v2\/types\/post"}],"author":[{"embeddable":true,"href":"https:\/\/tvtecjundiai.com.br\/news\/wp-json\/wp\/v2\/users\/11"}],"replies":[{"embeddable":true,"href":"https:\/\/tvtecjundiai.com.br\/news\/wp-json\/wp\/v2\/comments?post=16728"}],"version-history":[{"count":7,"href":"https:\/\/tvtecjundiai.com.br\/news\/wp-json\/wp\/v2\/posts\/16728\/revisions"}],"predecessor-version":[{"id":16815,"href":"https:\/\/tvtecjundiai.com.br\/news\/wp-json\/wp\/v2\/posts\/16728\/revisions\/16815"}],"wp:featuredmedia":[{"embeddable":true,"href":"https:\/\/tvtecjundiai.com.br\/news\/wp-json\/wp\/v2\/media\/16792"}],"wp:attachment":[{"href":"https:\/\/tvtecjundiai.com.br\/news\/wp-json\/wp\/v2\/media?parent=16728"}],"wp:term":[{"taxonomy":"category","embeddable":true,"href":"https:\/\/tvtecjundiai.com.br\/news\/wp-json\/wp\/v2\/categories?post=16728"},{"taxonomy":"post_tag","embeddable":true,"href":"https:\/\/tvtecjundiai.com.br\/news\/wp-json\/wp\/v2\/tags?post=16728"}],"curies":[{"name":"wp","href":"https:\/\/api.w.org\/{rel}","templated":true}]}}