{"id":16735,"date":"2018-08-31T08:56:04","date_gmt":"2018-08-31T11:56:04","guid":{"rendered":"https:\/\/tvtecjundiai.com.br\/news\/?p=16735"},"modified":"2018-08-31T08:56:04","modified_gmt":"2018-08-31T11:56:04","slug":"campanha-de-vacinacao-termina-nesta-sexta-31","status":"publish","type":"post","link":"https:\/\/tvtecjundiai.com.br\/news\/2018\/08\/31\/campanha-de-vacinacao-termina-nesta-sexta-31\/","title":{"rendered":"Campanha de Vacina\u00e7\u00e3o termina nesta sexta (31)"},"content":{"rendered":"<div id=\"attachment_16052\" style=\"width: 310px\" class=\"wp-caption alignleft\"><a href=\"https:\/\/tvtecjundiai.com.br\/news\/wp-content\/uploads\/sites\/2\/2018\/08\/vacinacao-polio-e-sarampo-ubs-vl-maringa_c_-24.jpg\"><img loading=\"lazy\" decoding=\"async\" aria-describedby=\"caption-attachment-16052\" class=\"wp-image-16052 size-medium\" src=\"https:\/\/tvtecjundiai.com.br\/news\/wp-content\/uploads\/sites\/2\/2018\/08\/vacinacao-polio-e-sarampo-ubs-vl-maringa_c_-24-300x200.jpg\" alt=\"\" width=\"300\" height=\"200\" \/><\/a><p id=\"caption-attachment-16052\" class=\"wp-caption-text\">Todas as crian\u00e7as entre 1 e 4 anos devem ser vacinadas. Caso a carteira de vacina\u00e7\u00e3o esteja em dia, elas devem receber o refor\u00e7o<\/p><\/div>\n<p>A Campanha Nacional de Vacina\u00e7\u00e3o contra o Sarampo e a Poliomielite termina nesta sexta-feira (31). As crian\u00e7as entre 1 e 4 anos devem ser imunizadas, independente da situa\u00e7\u00e3o vacinal. De acordo com o Minist\u00e9rio da Sa\u00fade, mais de 3 milh\u00f5es de crian\u00e7as precisam tomar as doses.<\/p>\n<p>Para aumentar a cobertura, os postos de sa\u00fade de algumas cidades que n\u00e3o atingiram a meta de 95% foram orientados a realizar atendimento neste s\u00e1bado (1\u00ba). Todavia, essa medida \u00e9 de responsabilidade de cada munic\u00edpio.\u00a0 Entre as unidades da Federa\u00e7\u00e3o com menor cobertura vacinal est\u00e3o Rio\u00a0de Janeiro, Distrito Federal, Roraima, Par\u00e1, Acre, Amazonas, Bahia, Piau\u00ed, Rio Grande do Sul, Mato Grosso do Sul, S\u00e3o Paulo e Mato Grosso.<\/p>\n<p>Devido ao aumento no n\u00famero de casos, as vacinas s\u00e3o aplicadas\u00a0mesmo as crian\u00e7as que j\u00e1 est\u00e3o com esquema vacinal completo para receber mais refor\u00e7o.\u00a0No caso da p\u00f3lio, as crian\u00e7as que n\u00e3o tomaram nenhuma dose ao longo da vida v\u00e3o receber a vacina injet\u00e1vel e as que j\u00e1 tomaram uma ou mais doses devem receber a oral.\u00a0Para o sarampo, todas as crian\u00e7as com idade entre um ano e menores de 5 v\u00e3o receber uma dose da tr\u00edplice viral, desde que n\u00e3o tenham sido vacinadas nos \u00faltimos 30 dias.<\/p>\n<p>At\u00e9 o dia\u00a0<span id=\"OBJ_PREFIX_DWT264_com_zimbra_date\" role=\"link\">28 de agosto<\/span>, foram confirmados 1.553 casos de sarampo no Brasil, enquanto 6.975 permanecem em investiga\u00e7\u00e3o. O pa\u00eds enfrenta dois surtos da doen\u00e7a: no Amazonas, que j\u00e1 tem 1.211 casos confirmados e 6.905 em investiga\u00e7\u00e3o, e em Roraima, onde h\u00e1 300 casos confirmados e 70 em investiga\u00e7\u00e3o.<\/p>\n<p><em>(Fonte: Ag\u00eancia Brasil)<\/em><\/p>\n<p><em>(Imagem: Prefeitura de Jundia\u00ed)<\/em><\/p>\n","protected":false},"excerpt":{"rendered":"<p>Apenas o Amap\u00e1 atingiu a meta de 95% de cobertura vacinal <\/p>\n","protected":false},"author":11,"featured_media":11953,"comment_status":"closed","ping_status":"closed","sticky":false,"template":"","format":"standard","meta":{"footnotes":""},"categories":[2834,1,2839],"tags":[2743,2112,556,6],"class_list":["post-16735","post","type-post","status-publish","format-standard","has-post-thumbnail","hentry","category-cidades","category-noticias","category-saude","tag-campanha-de-vacinacao","tag-cidades","tag-noticias","tag-saude"],"_links":{"self":[{"href":"https:\/\/tvtecjundiai.com.br\/news\/wp-json\/wp\/v2\/posts\/16735","targetHints":{"allow":["GET"]}}],"collection":[{"href":"https:\/\/tvtecjundiai.com.br\/news\/wp-json\/wp\/v2\/posts"}],"about":[{"href":"https:\/\/tvtecjundiai.com.br\/news\/wp-json\/wp\/v2\/types\/post"}],"author":[{"embeddable":true,"href":"https:\/\/tvtecjundiai.com.br\/news\/wp-json\/wp\/v2\/users\/11"}],"replies":[{"embeddable":true,"href":"https:\/\/tvtecjundiai.com.br\/news\/wp-json\/wp\/v2\/comments?post=16735"}],"version-history":[{"count":1,"href":"https:\/\/tvtecjundiai.com.br\/news\/wp-json\/wp\/v2\/posts\/16735\/revisions"}],"predecessor-version":[{"id":16736,"href":"https:\/\/tvtecjundiai.com.br\/news\/wp-json\/wp\/v2\/posts\/16735\/revisions\/16736"}],"wp:featuredmedia":[{"embeddable":true,"href":"https:\/\/tvtecjundiai.com.br\/news\/wp-json\/wp\/v2\/media\/11953"}],"wp:attachment":[{"href":"https:\/\/tvtecjundiai.com.br\/news\/wp-json\/wp\/v2\/media?parent=16735"}],"wp:term":[{"taxonomy":"category","embeddable":true,"href":"https:\/\/tvtecjundiai.com.br\/news\/wp-json\/wp\/v2\/categories?post=16735"},{"taxonomy":"post_tag","embeddable":true,"href":"https:\/\/tvtecjundiai.com.br\/news\/wp-json\/wp\/v2\/tags?post=16735"}],"curies":[{"name":"wp","href":"https:\/\/api.w.org\/{rel}","templated":true}]}}