{"id":16820,"date":"2018-09-03T08:26:49","date_gmt":"2018-09-03T11:26:49","guid":{"rendered":"https:\/\/tvtecjundiai.com.br\/news\/?p=16820"},"modified":"2018-09-03T08:27:23","modified_gmt":"2018-09-03T11:27:23","slug":"fogo-simbolico-abre-a-semana-da-patria","status":"publish","type":"post","link":"https:\/\/tvtecjundiai.com.br\/news\/2018\/09\/03\/fogo-simbolico-abre-a-semana-da-patria\/","title":{"rendered":"Fogo simb\u00f3lico abre a Semana da P\u00e1tria"},"content":{"rendered":"<div id=\"attachment_16821\" style=\"width: 331px\" class=\"wp-caption alignright\"><a href=\"https:\/\/tvtecjundiai.com.br\/news\/wp-content\/uploads\/sites\/2\/2018\/09\/whatsapp-image-2018-09-01-at-15-49-28-1.jpeg\"><img loading=\"lazy\" decoding=\"async\" aria-describedby=\"caption-attachment-16821\" class=\"wp-image-16821\" src=\"https:\/\/tvtecjundiai.com.br\/news\/wp-content\/uploads\/sites\/2\/2018\/09\/whatsapp-image-2018-09-01-at-15-49-28-1-300x200.jpeg\" alt=\"\" width=\"321\" height=\"214\" srcset=\"https:\/\/tvtecjundiai.com.br\/news\/wp-content\/uploads\/sites\/2\/2018\/09\/whatsapp-image-2018-09-01-at-15-49-28-1-300x200.jpeg 300w, https:\/\/tvtecjundiai.com.br\/news\/wp-content\/uploads\/sites\/2\/2018\/09\/whatsapp-image-2018-09-01-at-15-49-28-1-768x512.jpeg 768w, https:\/\/tvtecjundiai.com.br\/news\/wp-content\/uploads\/sites\/2\/2018\/09\/whatsapp-image-2018-09-01-at-15-49-28-1-1200x800.jpeg 1200w, https:\/\/tvtecjundiai.com.br\/news\/wp-content\/uploads\/sites\/2\/2018\/09\/whatsapp-image-2018-09-01-at-15-49-28-1.jpeg 1280w\" sizes=\"auto, (max-width: 321px) 100vw, 321px\" \/><\/a><p id=\"caption-attachment-16821\" class=\"wp-caption-text\">O Fogo Simb\u00f3lico foi entregue ao Prefeito Luiz Fernando Machado pelo atleta Cristian Ribeira<\/p><\/div>\n<p>A cerim\u00f4nia de acendimento do fogo simb\u00f3lico, realizada na manh\u00e3 deste s\u00e1bado (1\u00ba), marcou o in\u00edcio das comemora\u00e7\u00f5es da Semana da Independ\u00eancia no munic\u00edpio. O acendimento da tocha que abrigou o fogo durante o transporte pelas ruas de Jundia\u00ed foi feito na Escola Superior de Educa\u00e7\u00e3o F\u00edsica de Jundia\u00ed (Esef), logo ap\u00f3s uma apresenta\u00e7\u00e3o de dan\u00e7a feita pelos alunos da faculdade.<\/p>\n<p>\u201cA simbologia do fogo, da manuten\u00e7\u00e3o da chama, veio com os Jogos Ol\u00edmpicos e representa o calor do cora\u00e7\u00e3o, algo que n\u00e3o podemos deixar morrer\u201d, destacou gestor da Unidade de Gest\u00e3o de Esporte e Lazer (UGEL), Luiz Trientini. Diretor da Esef, o professor-doutor Davi Poit destacou a coincid\u00eancia de datas. \u201cHoje \u00e9 o in\u00edcio da Semana da P\u00e1tria, o dia do educador f\u00edsico e, exatamente hoje, completo 30 anos de doc\u00eancia nesta faculdade\u201d.<\/p>\n<p>Passando pelo Centro, a encarregada de produ\u00e7\u00e3o Aparecida dos Santos ficou animada em acompanhar a condu\u00e7\u00e3o do fogo simb\u00f3lico. \u201cHoje em dia, as crian\u00e7as n\u00e3o d\u00e3o tanto valor a isso e mal sabem cantar o hino nacional, mas a gente tem que fazer a nossa parte. Eu achei tudo lindo hoje e vou trazer meus netos para ver o desfile na sexta\u201d, adiantou.\u00a0Para o prefeito Luiz Fernando, a Semana da P\u00e1tria convida os brasileiros \u00e0 reflex\u00e3o. \u201cA simbologia desta semana faz com que todos possamos refletir sobre a soberania do nosso pa\u00eds e a nossa independ\u00eancia. A manuten\u00e7\u00e3o de atos c\u00edvicos numa sociedade faz com que o sentimento de cidadania se mantenha aceso em nossos cora\u00e7\u00f5es\u201d, disse.<\/p>\n<p>Cerca de 60 pessoas \u2013 integrantes dos Batalh\u00f5es da Pol\u00edcia Militar (11\u00ba e 49\u00ba), do Corpo de Bombeiros, da Pol\u00edcia Rodovi\u00e1ria, da Guarda Municipal, do 12\u00b0 GAC, atletas do Peama, do pedestrianismo e do atletismo do Time Jundia\u00ed, alunos e professores da Esef \u2013 conduziram o fogo por um trajeto de cerca de 7 quil\u00f4metros pelas ruas de Jundia\u00ed at\u00e9 chegar na Pra\u00e7a Governador Pedro de Toledo (Pra\u00e7a da Matriz).<\/p>\n<p><em>(Fonte e Imagem: Prefeitura de Jundia\u00ed)<\/em><\/p>\n","protected":false},"excerpt":{"rendered":"<p>Cerca de 60 pessoas participaram da cerim\u00f4nia neste s\u00e1bado (1\u00ba)<\/p>\n","protected":false},"author":11,"featured_media":16825,"comment_status":"closed","ping_status":"closed","sticky":false,"template":"","format":"standard","meta":{"footnotes":""},"categories":[2834,1,2824],"tags":[2112,3942,556,3887],"class_list":["post-16820","post","type-post","status-publish","format-standard","has-post-thumbnail","hentry","category-cidades","category-noticias","category-variedades","tag-cidades","tag-fogo-simbolico","tag-noticias","tag-semana-da-patria"],"_links":{"self":[{"href":"https:\/\/tvtecjundiai.com.br\/news\/wp-json\/wp\/v2\/posts\/16820","targetHints":{"allow":["GET"]}}],"collection":[{"href":"https:\/\/tvtecjundiai.com.br\/news\/wp-json\/wp\/v2\/posts"}],"about":[{"href":"https:\/\/tvtecjundiai.com.br\/news\/wp-json\/wp\/v2\/types\/post"}],"author":[{"embeddable":true,"href":"https:\/\/tvtecjundiai.com.br\/news\/wp-json\/wp\/v2\/users\/11"}],"replies":[{"embeddable":true,"href":"https:\/\/tvtecjundiai.com.br\/news\/wp-json\/wp\/v2\/comments?post=16820"}],"version-history":[{"count":3,"href":"https:\/\/tvtecjundiai.com.br\/news\/wp-json\/wp\/v2\/posts\/16820\/revisions"}],"predecessor-version":[{"id":16827,"href":"https:\/\/tvtecjundiai.com.br\/news\/wp-json\/wp\/v2\/posts\/16820\/revisions\/16827"}],"wp:featuredmedia":[{"embeddable":true,"href":"https:\/\/tvtecjundiai.com.br\/news\/wp-json\/wp\/v2\/media\/16825"}],"wp:attachment":[{"href":"https:\/\/tvtecjundiai.com.br\/news\/wp-json\/wp\/v2\/media?parent=16820"}],"wp:term":[{"taxonomy":"category","embeddable":true,"href":"https:\/\/tvtecjundiai.com.br\/news\/wp-json\/wp\/v2\/categories?post=16820"},{"taxonomy":"post_tag","embeddable":true,"href":"https:\/\/tvtecjundiai.com.br\/news\/wp-json\/wp\/v2\/tags?post=16820"}],"curies":[{"name":"wp","href":"https:\/\/api.w.org\/{rel}","templated":true}]}}