{"id":16828,"date":"2018-09-03T08:45:46","date_gmt":"2018-09-03T11:45:46","guid":{"rendered":"https:\/\/tvtecjundiai.com.br\/news\/?p=16828"},"modified":"2018-09-03T08:45:46","modified_gmt":"2018-09-03T11:45:46","slug":"criancas-fazem-atividade-ao-ar-livre-no-eloy-chaves","status":"publish","type":"post","link":"https:\/\/tvtecjundiai.com.br\/news\/2018\/09\/03\/criancas-fazem-atividade-ao-ar-livre-no-eloy-chaves\/","title":{"rendered":"Crian\u00e7as fazem atividade ao ar livre no Eloy Chaves"},"content":{"rendered":"<div id=\"attachment_16829\" style=\"width: 310px\" class=\"wp-caption alignleft\"><a href=\"https:\/\/tvtecjundiai.com.br\/news\/wp-content\/uploads\/sites\/2\/2018\/09\/plantio3.jpeg\"><img loading=\"lazy\" decoding=\"async\" aria-describedby=\"caption-attachment-16829\" class=\"wp-image-16829 size-medium\" src=\"https:\/\/tvtecjundiai.com.br\/news\/wp-content\/uploads\/sites\/2\/2018\/09\/plantio3-300x225.jpeg\" alt=\"\" width=\"300\" height=\"225\" srcset=\"https:\/\/tvtecjundiai.com.br\/news\/wp-content\/uploads\/sites\/2\/2018\/09\/plantio3-300x225.jpeg 300w, https:\/\/tvtecjundiai.com.br\/news\/wp-content\/uploads\/sites\/2\/2018\/09\/plantio3-768x576.jpeg 768w, https:\/\/tvtecjundiai.com.br\/news\/wp-content\/uploads\/sites\/2\/2018\/09\/plantio3.jpeg 1152w\" sizes=\"auto, (max-width: 300px) 100vw, 300px\" \/><\/a><p id=\"caption-attachment-16829\" class=\"wp-caption-text\">As atividades compreenderam o plantio de mudas nativas, bem como a limpeza das \u00e1reas ao entorno<\/p><\/div>\n<p>Crian\u00e7as\u00a0 da Escola Municipal de Educa\u00e7\u00e3o B\u00e1sica (EMEB) Geraldo Pinto Duarte Paes, no Eloy Chaves, participaram de a\u00e7\u00e3o ambiental em nascente no bairro na \u00faltima quinta-feira (30). Os alunos, que no ano passado, plantaram mudas nativas para a prote\u00e7\u00e3o da nascente, fizeram limpeza do entorno e acompanharam a coleta de amostras da \u00e1gua para an\u00e1lise, por equipe da DAE.<\/p>\n<p><strong>Leia tamb\u00e9m<\/strong><br \/>\n<a href=\"https:\/\/jundiai.sp.gov.br\/noticias\/2018\/08\/31\/campanha-de-vacinacao-contra-sarampo-e-polio-e-ampliada\/\" target=\"_blank\" rel=\"noopener\">Campanha de vacina\u00e7\u00e3o contra Sarampo e Polio \u00e9 ampliada<\/a><\/p>\n<p>Segundo a coordenadora da unidade, Patr\u00edcia Miguel Junqueira de Camargo, as 29 crian\u00e7as do 4\u00ba ano que participaram da atividade no ano passado participaram.<\/p>\n<p>\u201cOs alunos assistiram a um v\u00eddeo sobre as nascentes, a prote\u00e7\u00e3o e os cuidados com os mananciais. \u00c9 importante que consigam acompanhar o desenvolvimento do projeto que iniciaram no ano anterior\u201d, explica. A nascente faz parte do projeto \u201cNascente Modelo\u201d, denominada Nascente Ermida I. Al\u00e9m das a\u00e7\u00f5es pontuais em campo, o tema \u00e9 tratado em sala de aula.<\/p>\n<p><em>(Fonte e Imagem: Prefeitura de Jundia\u00ed)<\/em><\/p>\n","protected":false},"excerpt":{"rendered":"<p>Alunos participaram de a\u00e7\u00e3o ambiental no bairro <\/p>\n","protected":false},"author":11,"featured_media":16829,"comment_status":"closed","ping_status":"closed","sticky":false,"template":"","format":"standard","meta":{"footnotes":""},"categories":[2834,2828,3569,1],"tags":[2112,21,246,563,556],"class_list":["post-16828","post","type-post","status-publish","format-standard","has-post-thumbnail","hentry","category-cidades","category-educacao","category-meio-ambiente","category-noticias","tag-cidades","tag-educacao","tag-emeb","tag-meio-ambiente","tag-noticias"],"_links":{"self":[{"href":"https:\/\/tvtecjundiai.com.br\/news\/wp-json\/wp\/v2\/posts\/16828","targetHints":{"allow":["GET"]}}],"collection":[{"href":"https:\/\/tvtecjundiai.com.br\/news\/wp-json\/wp\/v2\/posts"}],"about":[{"href":"https:\/\/tvtecjundiai.com.br\/news\/wp-json\/wp\/v2\/types\/post"}],"author":[{"embeddable":true,"href":"https:\/\/tvtecjundiai.com.br\/news\/wp-json\/wp\/v2\/users\/11"}],"replies":[{"embeddable":true,"href":"https:\/\/tvtecjundiai.com.br\/news\/wp-json\/wp\/v2\/comments?post=16828"}],"version-history":[{"count":1,"href":"https:\/\/tvtecjundiai.com.br\/news\/wp-json\/wp\/v2\/posts\/16828\/revisions"}],"predecessor-version":[{"id":16830,"href":"https:\/\/tvtecjundiai.com.br\/news\/wp-json\/wp\/v2\/posts\/16828\/revisions\/16830"}],"wp:featuredmedia":[{"embeddable":true,"href":"https:\/\/tvtecjundiai.com.br\/news\/wp-json\/wp\/v2\/media\/16829"}],"wp:attachment":[{"href":"https:\/\/tvtecjundiai.com.br\/news\/wp-json\/wp\/v2\/media?parent=16828"}],"wp:term":[{"taxonomy":"category","embeddable":true,"href":"https:\/\/tvtecjundiai.com.br\/news\/wp-json\/wp\/v2\/categories?post=16828"},{"taxonomy":"post_tag","embeddable":true,"href":"https:\/\/tvtecjundiai.com.br\/news\/wp-json\/wp\/v2\/tags?post=16828"}],"curies":[{"name":"wp","href":"https:\/\/api.w.org\/{rel}","templated":true}]}}