{"id":16959,"date":"2018-09-04T08:06:57","date_gmt":"2018-09-04T11:06:57","guid":{"rendered":"https:\/\/tvtecjundiai.com.br\/news\/?p=16959"},"modified":"2018-09-04T09:13:57","modified_gmt":"2018-09-04T12:13:57","slug":"piquenique-promove-conscientizacao-ambiental","status":"publish","type":"post","link":"https:\/\/tvtecjundiai.com.br\/news\/2018\/09\/04\/piquenique-promove-conscientizacao-ambiental\/","title":{"rendered":"Piquenique promove conscientiza\u00e7\u00e3o ambiental"},"content":{"rendered":"<p>Jovens da\u00a0Rede Social Morada das Vinhas, com apoio\u00a0de todas as unidades da administra\u00e7\u00e3o que integram a Rede (v\u00e1rias ONGs, DAE Jundia\u00ed, Unidades de Gest\u00e3o de Assist\u00eancia social, de Infraestrutura e Servi\u00e7os P\u00fablicos e de Educa\u00e7\u00e3o e a Fumas)\u00a0 promoveram, na \u00faltima sexta-feira (31), um piquenique no Parque Centen\u00e1rio, ao entorno da Nascente da Barroca.<\/p>\n<div id=\"attachment_16960\" style=\"width: 360px\" class=\"wp-caption alignleft\"><a href=\"https:\/\/tvtecjundiai.com.br\/news\/wp-content\/uploads\/sites\/2\/2018\/09\/parque-centenario_piquenique-30-1-1.jpg\"><img loading=\"lazy\" decoding=\"async\" aria-describedby=\"caption-attachment-16960\" class=\"wp-image-16960\" src=\"https:\/\/tvtecjundiai.com.br\/news\/wp-content\/uploads\/sites\/2\/2018\/09\/parque-centenario_piquenique-30-1-1-300x191.jpg\" alt=\"\" width=\"350\" height=\"222\" srcset=\"https:\/\/tvtecjundiai.com.br\/news\/wp-content\/uploads\/sites\/2\/2018\/09\/parque-centenario_piquenique-30-1-1-300x191.jpg 300w, https:\/\/tvtecjundiai.com.br\/news\/wp-content\/uploads\/sites\/2\/2018\/09\/parque-centenario_piquenique-30-1-1-768x488.jpg 768w, https:\/\/tvtecjundiai.com.br\/news\/wp-content\/uploads\/sites\/2\/2018\/09\/parque-centenario_piquenique-30-1-1-1200x762.jpg 1200w, https:\/\/tvtecjundiai.com.br\/news\/wp-content\/uploads\/sites\/2\/2018\/09\/parque-centenario_piquenique-30-1-1.jpg 1280w\" sizes=\"auto, (max-width: 350px) 100vw, 350px\" \/><\/a><p id=\"caption-attachment-16960\" class=\"wp-caption-text\">Piquenique teve apoio das Unidades de Administra\u00e7\u00e3o que integram a Prefeitura<\/p><\/div>\n<p>O evento teve por objetivo ampliar a conscientiza\u00e7\u00e3o da popula\u00e7\u00e3o quanto \u00e0 necessidade de preservar aquele local.\u00a0\u201cPara a realiza\u00e7\u00e3o do piquenique, solicitamos \u00e0 UGISP que fizesse a limpeza do local, mas \u00e9 importante que todos n\u00f3s reconhe\u00e7amos que a responsabilidade pela preserva\u00e7\u00e3o dessa \u00e1rea \u00e9 de todos, e n\u00e3o apenas do Poder P\u00fablico\u201d, destaca Solange Marques, superintendente da Fumas.<\/p>\n<p>Dentre outras orienta\u00e7\u00f5es feitas durante o piquenique, os moradores apresentaram ideias sobre como manter a \u00e1rea limpa tamb\u00e9m receberam informa\u00e7\u00f5es sobre a import\u00e2ncia de separar os tipos de lixo \u2013 org\u00e2nico e recicl\u00e1vel .<\/p>\n<p>\u201cTemos a chance de fazer algo para mudar nosso bairro e, no que depender da gente, estamos prontos para ajudar as pessoas a entenderem que a mudan\u00e7a come\u00e7a por nossas atitudes. A \u00e1gua \u00e9 um bem de todos e est\u00e1 se extinguindo com o passar dos anos, por isso, dever\u00edamos ter mais consci\u00eancia de que \u00e9 priorit\u00e1ria para nossa exist\u00eancia\u201d, refletiu\u00a0Higor Camargo Chagas, (18),\u00a0um dos autores da ideia do piquenique.<\/p>\n<p><em>(Fonte e Imagem: Prefeitura de Jundia\u00ed)<\/em><\/p>\n","protected":false},"excerpt":{"rendered":"<p>Encontro foi uma iniciativa dos moradores e jovens do bairro Morada das Vinhas <\/p>\n","protected":false},"author":11,"featured_media":16960,"comment_status":"closed","ping_status":"closed","sticky":false,"template":"","format":"standard","meta":{"footnotes":""},"categories":[2834,3569,1],"tags":[2112,563,556,3953],"class_list":["post-16959","post","type-post","status-publish","format-standard","has-post-thumbnail","hentry","category-cidades","category-meio-ambiente","category-noticias","tag-cidades","tag-meio-ambiente","tag-noticias","tag-piquenique"],"_links":{"self":[{"href":"https:\/\/tvtecjundiai.com.br\/news\/wp-json\/wp\/v2\/posts\/16959","targetHints":{"allow":["GET"]}}],"collection":[{"href":"https:\/\/tvtecjundiai.com.br\/news\/wp-json\/wp\/v2\/posts"}],"about":[{"href":"https:\/\/tvtecjundiai.com.br\/news\/wp-json\/wp\/v2\/types\/post"}],"author":[{"embeddable":true,"href":"https:\/\/tvtecjundiai.com.br\/news\/wp-json\/wp\/v2\/users\/11"}],"replies":[{"embeddable":true,"href":"https:\/\/tvtecjundiai.com.br\/news\/wp-json\/wp\/v2\/comments?post=16959"}],"version-history":[{"count":3,"href":"https:\/\/tvtecjundiai.com.br\/news\/wp-json\/wp\/v2\/posts\/16959\/revisions"}],"predecessor-version":[{"id":16973,"href":"https:\/\/tvtecjundiai.com.br\/news\/wp-json\/wp\/v2\/posts\/16959\/revisions\/16973"}],"wp:featuredmedia":[{"embeddable":true,"href":"https:\/\/tvtecjundiai.com.br\/news\/wp-json\/wp\/v2\/media\/16960"}],"wp:attachment":[{"href":"https:\/\/tvtecjundiai.com.br\/news\/wp-json\/wp\/v2\/media?parent=16959"}],"wp:term":[{"taxonomy":"category","embeddable":true,"href":"https:\/\/tvtecjundiai.com.br\/news\/wp-json\/wp\/v2\/categories?post=16959"},{"taxonomy":"post_tag","embeddable":true,"href":"https:\/\/tvtecjundiai.com.br\/news\/wp-json\/wp\/v2\/tags?post=16959"}],"curies":[{"name":"wp","href":"https:\/\/api.w.org\/{rel}","templated":true}]}}