{"id":17116,"date":"2018-09-05T17:04:10","date_gmt":"2018-09-05T20:04:10","guid":{"rendered":"https:\/\/tvtecjundiai.com.br\/news\/?p=17116"},"modified":"2018-09-05T17:04:10","modified_gmt":"2018-09-05T20:04:10","slug":"morre-aos-92-anos-a-atriz-beatriz-segall","status":"publish","type":"post","link":"https:\/\/tvtecjundiai.com.br\/news\/2018\/09\/05\/morre-aos-92-anos-a-atriz-beatriz-segall\/","title":{"rendered":"Morre aos 92 anos a atriz Beatriz Segall"},"content":{"rendered":"<p>A atriz Beatriz Segall morreu nesta quarta-feira (5) aos 92 anos, confirmou a assessoria de imprensa do Hospital Albert Einstein, em S\u00e3o Paulo, onde estava internada. Segundo a fam\u00edlia, a atriz estava internada desde o dia 16 de agosto com quadro de problemas respirat\u00f3rios e faleceu por volta das 12 horas. O vel\u00f3rio ter\u00e1 in\u00edcio \u00e0s 19 horas, no pr\u00f3prio hospital, e se estender\u00e1 at\u00e9 a tarde de amanh\u00e3 (6), quando ser\u00e1 realizada a cerim\u00f4nia de crema\u00e7\u00e3o do corpo da atriz.<\/p>\n<div id=\"attachment_17119\" style=\"width: 410px\" class=\"wp-caption alignright\"><a href=\"https:\/\/tvtecjundiai.com.br\/news\/wp-content\/uploads\/sites\/2\/2018\/09\/WhatsApp-Image-2018-09-05-at-16.56.02.jpeg\"><img loading=\"lazy\" decoding=\"async\" aria-describedby=\"caption-attachment-17119\" class=\"wp-image-17119\" src=\"https:\/\/tvtecjundiai.com.br\/news\/wp-content\/uploads\/sites\/2\/2018\/09\/WhatsApp-Image-2018-09-05-at-16.56.02-300x199.jpeg\" alt=\"\" width=\"400\" height=\"265\" srcset=\"https:\/\/tvtecjundiai.com.br\/news\/wp-content\/uploads\/sites\/2\/2018\/09\/WhatsApp-Image-2018-09-05-at-16.56.02-300x199.jpeg 300w, https:\/\/tvtecjundiai.com.br\/news\/wp-content\/uploads\/sites\/2\/2018\/09\/WhatsApp-Image-2018-09-05-at-16.56.02.jpeg 719w\" sizes=\"auto, (max-width: 400px) 100vw, 400px\" \/><\/a><p id=\"caption-attachment-17119\" class=\"wp-caption-text\">A cerim\u00f4nia de crema\u00e7\u00e3o do corpo da atriz ser\u00e1 na tarde de amanh\u00e3 (6)<\/p><\/div>\n<p>Beatriz Segall nasceu no Rio de Janeiro, em 25 de julho de 1926. Come\u00e7ou a carreira com um curso no Servi\u00e7o Nacional de Teatro. Na d\u00e9cada de 1950 foi estudar teatro e literatura na Fran\u00e7a. Por l\u00e1, conheceu o futuro marido Maur\u00edcio Segall, filho do pintor Lasar Segall.<\/p>\n<p>De volta ao Brasil, Beatriz se afastou dos palcos, se dedicando \u00e0 fam\u00edlia e aos tr\u00eas filhos por cerca de 10 anos. Em 1964, foi convidada pelo diretor Jos\u00e9 Martinez Corr\u00eaa para substituir a atriz Henriette Morineau em uma pe\u00e7a do Teatro Oficina. Aceitou e retomou a carreira art\u00edstica.<\/p>\n<p>Durante o final da d\u00e9cada de 1960 e os anos 1970, al\u00e9m do teatro, tamb\u00e9m fez trabalhos para a televis\u00e3o e o cinema, como os longa-metragem\u00a0<em>\u00c0 Flor da Pele\u00a0<\/em>(1976) e\u00a0<em>O Corti\u00e7o<\/em>\u00a0(1978), de Francisco Ramalho, e participou da novela\u00a0<em>Ana<\/em>, na TV Record, em 1968.<\/p>\n<p>Em 1978, estreou na TV Globo na novela em\u00a0<em>Dancin\u2019 Days<\/em>, de Gilberto Braga. Com o sucesso, atuou no ano seguinte em\u00a0<em>Pai Her\u00f3i<\/em>, de Janete Clair, onde viveu a vil\u00e3 Norah. Participou de algumas novelas da TV Bandeirantes e do filme\u00a0<em>Pixote, a Lei do Mais Fraco<\/em>, de Hector Babenco. Tamb\u00e9m passou pela TV Manchete.<\/p>\n<p>Em 1988, fez o seu papel mais famoso na televis\u00e3o, como a vil\u00e3 Odete Roitman, em\u00a0<em>Vale Tudo<\/em>, sua terceira novela com Gilberto Braga. O sucesso fez com que Beatriz ficasse marcada pelo resto da carreira por essa atua\u00e7\u00e3o at\u00e9 no exterior.<\/p>\n<p>Beatriz Segall nunca abandonou, no entanto, a carreira no teatro, sendo premiada por duas vezes como melhor atriz brasileira com o trof\u00e9u Mambembe, com a pe\u00e7a<em>\u00a0Emily<\/em>, de William Luce, em 1984, e em\u00a0<em>O Manifesto<\/em>, de Brian Clark, em 1987. Nos \u00faltimos anos, fez outros papeis na televis\u00e3o, como na novela\u00a0<em>Lado a Lado<\/em>\u00a0(2012) e o seriado\u00a0<em>Os Experientes<\/em>\u00a0(2015), ambos exibidos pela TV Globo.<\/p>\n<p><em>(Fonte: Ag\u00eancia Brasil)<\/em><\/p>\n","protected":false},"excerpt":{"rendered":"<p>A cerim\u00f4nia de crema\u00e7\u00e3o do corpo da atriz ser\u00e1 na tarde de amanh\u00e3 (6)<\/p>\n","protected":false},"author":8,"featured_media":17119,"comment_status":"closed","ping_status":"closed","sticky":false,"template":"","format":"standard","meta":{"footnotes":""},"categories":[2833,29,3076,1],"tags":[3965,3966],"class_list":["post-17116","post","type-post","status-publish","format-standard","has-post-thumbnail","hentry","category-cultura","category-destaque","category-entretenimento","category-noticias","tag-beatriz-segall","tag-morte-beatriz-segall"],"_links":{"self":[{"href":"https:\/\/tvtecjundiai.com.br\/news\/wp-json\/wp\/v2\/posts\/17116","targetHints":{"allow":["GET"]}}],"collection":[{"href":"https:\/\/tvtecjundiai.com.br\/news\/wp-json\/wp\/v2\/posts"}],"about":[{"href":"https:\/\/tvtecjundiai.com.br\/news\/wp-json\/wp\/v2\/types\/post"}],"author":[{"embeddable":true,"href":"https:\/\/tvtecjundiai.com.br\/news\/wp-json\/wp\/v2\/users\/8"}],"replies":[{"embeddable":true,"href":"https:\/\/tvtecjundiai.com.br\/news\/wp-json\/wp\/v2\/comments?post=17116"}],"version-history":[{"count":2,"href":"https:\/\/tvtecjundiai.com.br\/news\/wp-json\/wp\/v2\/posts\/17116\/revisions"}],"predecessor-version":[{"id":17120,"href":"https:\/\/tvtecjundiai.com.br\/news\/wp-json\/wp\/v2\/posts\/17116\/revisions\/17120"}],"wp:featuredmedia":[{"embeddable":true,"href":"https:\/\/tvtecjundiai.com.br\/news\/wp-json\/wp\/v2\/media\/17119"}],"wp:attachment":[{"href":"https:\/\/tvtecjundiai.com.br\/news\/wp-json\/wp\/v2\/media?parent=17116"}],"wp:term":[{"taxonomy":"category","embeddable":true,"href":"https:\/\/tvtecjundiai.com.br\/news\/wp-json\/wp\/v2\/categories?post=17116"},{"taxonomy":"post_tag","embeddable":true,"href":"https:\/\/tvtecjundiai.com.br\/news\/wp-json\/wp\/v2\/tags?post=17116"}],"curies":[{"name":"wp","href":"https:\/\/api.w.org\/{rel}","templated":true}]}}