{"id":17196,"date":"2018-09-10T08:54:57","date_gmt":"2018-09-10T11:54:57","guid":{"rendered":"https:\/\/tvtecjundiai.com.br\/news\/?p=17196"},"modified":"2018-09-10T09:08:11","modified_gmt":"2018-09-10T12:08:11","slug":"jundiai-e-classificada-como-centro-de-formacao-de-atletismo","status":"publish","type":"post","link":"https:\/\/tvtecjundiai.com.br\/news\/2018\/09\/10\/jundiai-e-classificada-como-centro-de-formacao-de-atletismo\/","title":{"rendered":"Jundia\u00ed \u00e9 classificada como Centro de Forma\u00e7\u00e3o de Atletismo"},"content":{"rendered":"<p>Os talentos esportivos e t\u00e9cnicos de Jundia\u00ed na modalidade de Atletismo renderam \u00e0 cidade a classifica\u00e7\u00e3o como Centro de Forma\u00e7\u00e3o, selecionado pela Confedera\u00e7\u00e3o Brasileira de Atletismo (CBAt). Com a defini\u00e7\u00e3o, os professores e treinadores das equipes do TIME Jundia\u00ed, da Unidade de Gest\u00e3o de Esporte e Lazer (UGEL), receber\u00e3o treinamentos espec\u00edficos oferecidos pela entidade nacional, com o foco na forma\u00e7\u00e3o de talentos para representar o Brasil nas pr\u00f3ximas Olimp\u00edadas.<\/p>\n<div id=\"attachment_17197\" style=\"width: 235px\" class=\"wp-caption alignright\"><a href=\"https:\/\/tvtecjundiai.com.br\/news\/wp-content\/uploads\/sites\/2\/2018\/09\/atletismo.jpeg\"><img loading=\"lazy\" decoding=\"async\" aria-describedby=\"caption-attachment-17197\" class=\"wp-image-17197 size-medium\" src=\"https:\/\/tvtecjundiai.com.br\/news\/wp-content\/uploads\/sites\/2\/2018\/09\/atletismo-300x400.jpeg\" alt=\"\" width=\"225\" height=\"300\" srcset=\"https:\/\/tvtecjundiai.com.br\/news\/wp-content\/uploads\/sites\/2\/2018\/09\/atletismo-300x400.jpeg 300w, https:\/\/tvtecjundiai.com.br\/news\/wp-content\/uploads\/sites\/2\/2018\/09\/atletismo-768x1024.jpeg 768w, https:\/\/tvtecjundiai.com.br\/news\/wp-content\/uploads\/sites\/2\/2018\/09\/atletismo-720x960.jpeg 720w, https:\/\/tvtecjundiai.com.br\/news\/wp-content\/uploads\/sites\/2\/2018\/09\/atletismo.jpeg 960w\" sizes=\"auto, (max-width: 225px) 100vw, 225px\" \/><\/a><p id=\"caption-attachment-17197\" class=\"wp-caption-text\">A forma\u00e7\u00e3o dos atletas come\u00e7a aos seis anos de idade<\/p><\/div>\n<p>\u201cA nossa qualidade em termos de equipamentos e de pessoas \u00e9 coroada com a classifica\u00e7\u00e3o como Centro de Forma\u00e7\u00e3o de Atletismo\u201d, explica o treinador Robson Mian, que lan\u00e7ou, recentemente, um livro sobre a modalidade.\u00a0Atualmente, 58 atletas est\u00e3o em treinamento pela modalidade no Complexo Educacional, Cultural e Esportivo (CECE) Nicolino de Luca.<\/p>\n<p>Segundo o treinador, existe potencial para amplia\u00e7\u00e3o no n\u00famero de atletas em 10%. \u201cExistem vagas para mais alunos. As turmas come\u00e7am a partir dos 6 anos e se estendem at\u00e9 a idade adulta. Temos atletas de 82 anos representando o Brasil, na Espanha\u201d, comenta. O gestor da UGEL, Luiz Trientini, afirma que a classifica\u00e7\u00e3o da cidade valoriza o esporte e as medidas adotadas pela gest\u00e3o. \u201cA UGEL tem como foco formar novos talentos, objetivo principal da Confedera\u00e7\u00e3o Brasileira de Atletismo. As capacita\u00e7\u00f5es resultam em melhores resultados na competi\u00e7\u00f5es\u201d, comenta.<\/p>\n<p>Jundia\u00ed \u00e9 tetra-camp\u00e3o nos Jogos Regionais na modalidade e, neste ano, alcan\u00e7ando a segunda coloca\u00e7\u00e3o, com equipe renovada. Os atletas do TIME Jundia\u00ed ter\u00e3o, at\u00e9 o final do ano, os desafios dos Jogos Abertos, Campeonato Brasileiro M\u00e1ster, Campeonato Estadual Sub16 e Sub18 e Trof\u00e9u Brasil.<\/p>\n<p><em>(Fonte e Imagem: Prefeitura de Jundia\u00ed)<\/em><\/p>\n","protected":false},"excerpt":{"rendered":"<p>Com a conquista, atletas passar\u00e3o por treinos espec\u00edficos <\/p>\n","protected":false},"author":11,"featured_media":17197,"comment_status":"closed","ping_status":"closed","sticky":false,"template":"","format":"standard","meta":{"footnotes":""},"categories":[2834,2827,1],"tags":[3977,3978,271,556],"class_list":["post-17196","post","type-post","status-publish","format-standard","has-post-thumbnail","hentry","category-cidades","category-esportes-e-lazer","category-noticias","tag-centro-de-formacao-de-atletismo","tag-confederacao-brasileira-de-atletismo","tag-esportes","tag-noticias"],"_links":{"self":[{"href":"https:\/\/tvtecjundiai.com.br\/news\/wp-json\/wp\/v2\/posts\/17196","targetHints":{"allow":["GET"]}}],"collection":[{"href":"https:\/\/tvtecjundiai.com.br\/news\/wp-json\/wp\/v2\/posts"}],"about":[{"href":"https:\/\/tvtecjundiai.com.br\/news\/wp-json\/wp\/v2\/types\/post"}],"author":[{"embeddable":true,"href":"https:\/\/tvtecjundiai.com.br\/news\/wp-json\/wp\/v2\/users\/11"}],"replies":[{"embeddable":true,"href":"https:\/\/tvtecjundiai.com.br\/news\/wp-json\/wp\/v2\/comments?post=17196"}],"version-history":[{"count":2,"href":"https:\/\/tvtecjundiai.com.br\/news\/wp-json\/wp\/v2\/posts\/17196\/revisions"}],"predecessor-version":[{"id":17202,"href":"https:\/\/tvtecjundiai.com.br\/news\/wp-json\/wp\/v2\/posts\/17196\/revisions\/17202"}],"wp:featuredmedia":[{"embeddable":true,"href":"https:\/\/tvtecjundiai.com.br\/news\/wp-json\/wp\/v2\/media\/17197"}],"wp:attachment":[{"href":"https:\/\/tvtecjundiai.com.br\/news\/wp-json\/wp\/v2\/media?parent=17196"}],"wp:term":[{"taxonomy":"category","embeddable":true,"href":"https:\/\/tvtecjundiai.com.br\/news\/wp-json\/wp\/v2\/categories?post=17196"},{"taxonomy":"post_tag","embeddable":true,"href":"https:\/\/tvtecjundiai.com.br\/news\/wp-json\/wp\/v2\/tags?post=17196"}],"curies":[{"name":"wp","href":"https:\/\/api.w.org\/{rel}","templated":true}]}}