{"id":17308,"date":"2018-09-11T13:31:30","date_gmt":"2018-09-11T16:31:30","guid":{"rendered":"https:\/\/tvtecjundiai.com.br\/news\/?p=17308"},"modified":"2018-09-11T13:36:50","modified_gmt":"2018-09-11T16:36:50","slug":"campanha-de-vacinacao-segue-para-criancas-de-um-ano","status":"publish","type":"post","link":"https:\/\/tvtecjundiai.com.br\/news\/2018\/09\/11\/campanha-de-vacinacao-segue-para-criancas-de-um-ano\/","title":{"rendered":"Campanha de vacina\u00e7\u00e3o segue para crian\u00e7as de um ano"},"content":{"rendered":"<p>A Unidade de Gest\u00e3o de Promo\u00e7\u00e3o da Sa\u00fade (UGPS) mant\u00e9m a Campanha de Vacina\u00e7\u00e3o contra Sarampo e Poliomielite, na semana entre os dias 10 e 14 de setembro, com foco nas crian\u00e7as com um ano, \u00fanica faixa que ainda n\u00e3o atingiu a meta preconizada pelo Minist\u00e9rio da Sa\u00fade (MS), de 95%.\u00a0As doses est\u00e3o dispon\u00edveis em todas as Unidades B\u00e1sicas de Sa\u00fade (UBSs) da cidade, em hor\u00e1rio de atendimento.<\/p>\n<div id=\"attachment_17309\" style=\"width: 410px\" class=\"wp-caption alignright\"><a href=\"https:\/\/tvtecjundiai.com.br\/news\/wp-content\/uploads\/sites\/2\/2018\/09\/Vacina-Polio-e1440099910562.jpg\"><img loading=\"lazy\" decoding=\"async\" aria-describedby=\"caption-attachment-17309\" class=\"wp-image-17309\" src=\"https:\/\/tvtecjundiai.com.br\/news\/wp-content\/uploads\/sites\/2\/2018\/09\/Vacina-Polio-e1440099910562-300x152.jpg\" alt=\"\" width=\"400\" height=\"203\" \/><\/a><p id=\"caption-attachment-17309\" class=\"wp-caption-text\">Doses est\u00e3o dispon\u00edveis em todas as UBSs da cidade<\/p><\/div>\n<p>De acordo com balan\u00e7o divulgado na quinta-feira (6), a cidade registra 18 mil crian\u00e7as entre 1 ano a 4 anos de idade vacinadas contra Sarampo, sendo que, a faixa de um ano, com popula\u00e7\u00e3o estimada em 5.827 pessoas, apenas 4.352 foram imunizadas, ou seja, 74,69%. J\u00e1 contra a Poliomielite, a mesma popula\u00e7\u00e3o registra a imuniza\u00e7\u00e3o de 4.429 pessoas, ou 76,01% de cobertura.<\/p>\n<p>\u201cComo atingimos 100% nas demais idades, o percentual da cidade atinge 95% em Poliomielite e 94,22% em Sarampo. Por esse motivo, a a\u00e7\u00e3o direta nas Escolas de educa\u00e7\u00e3o b\u00e1sica da rede p\u00fablica ser\u00e3o mantidas, com refor\u00e7o na solicita\u00e7\u00e3o do envio das cadernetas de vacina pelos pais, e liga\u00e7\u00f5es pelas equipes da sa\u00fade para orienta\u00e7\u00e3o \u00e0s fam\u00edlias\u201d, explica a enfermeira da Vigil\u00e2ncia Epidemiol\u00f3gica, Maria do Carmo Possidente.<\/p>\n<p><em>(Fonte: Prefeitura de Jundia\u00ed) <\/em><br \/>\n<em>(Imagem: Congeas)<\/em><\/p>\n","protected":false},"excerpt":{"rendered":"<p>Doses contra sarampo e p\u00f3lio est\u00e3o dispon\u00edveis em todas as UBSs da cidade<\/p>\n","protected":false},"author":10,"featured_media":17309,"comment_status":"closed","ping_status":"closed","sticky":false,"template":"","format":"standard","meta":{"footnotes":""},"categories":[2834,1,2839],"tags":[3592,2478,47],"class_list":["post-17308","post","type-post","status-publish","format-standard","has-post-thumbnail","hentry","category-cidades","category-noticias","category-saude","tag-poliomielite","tag-sarampo","tag-vacinacao"],"_links":{"self":[{"href":"https:\/\/tvtecjundiai.com.br\/news\/wp-json\/wp\/v2\/posts\/17308","targetHints":{"allow":["GET"]}}],"collection":[{"href":"https:\/\/tvtecjundiai.com.br\/news\/wp-json\/wp\/v2\/posts"}],"about":[{"href":"https:\/\/tvtecjundiai.com.br\/news\/wp-json\/wp\/v2\/types\/post"}],"author":[{"embeddable":true,"href":"https:\/\/tvtecjundiai.com.br\/news\/wp-json\/wp\/v2\/users\/10"}],"replies":[{"embeddable":true,"href":"https:\/\/tvtecjundiai.com.br\/news\/wp-json\/wp\/v2\/comments?post=17308"}],"version-history":[{"count":2,"href":"https:\/\/tvtecjundiai.com.br\/news\/wp-json\/wp\/v2\/posts\/17308\/revisions"}],"predecessor-version":[{"id":17311,"href":"https:\/\/tvtecjundiai.com.br\/news\/wp-json\/wp\/v2\/posts\/17308\/revisions\/17311"}],"wp:featuredmedia":[{"embeddable":true,"href":"https:\/\/tvtecjundiai.com.br\/news\/wp-json\/wp\/v2\/media\/17309"}],"wp:attachment":[{"href":"https:\/\/tvtecjundiai.com.br\/news\/wp-json\/wp\/v2\/media?parent=17308"}],"wp:term":[{"taxonomy":"category","embeddable":true,"href":"https:\/\/tvtecjundiai.com.br\/news\/wp-json\/wp\/v2\/categories?post=17308"},{"taxonomy":"post_tag","embeddable":true,"href":"https:\/\/tvtecjundiai.com.br\/news\/wp-json\/wp\/v2\/tags?post=17308"}],"curies":[{"name":"wp","href":"https:\/\/api.w.org\/{rel}","templated":true}]}}