{"id":17332,"date":"2018-09-12T07:57:14","date_gmt":"2018-09-12T10:57:14","guid":{"rendered":"https:\/\/tvtecjundiai.com.br\/news\/?p=17332"},"modified":"2018-09-12T07:57:14","modified_gmt":"2018-09-12T10:57:14","slug":"defesa-civil-trabalha-na-prevencao-de-alagamentos","status":"publish","type":"post","link":"https:\/\/tvtecjundiai.com.br\/news\/2018\/09\/12\/defesa-civil-trabalha-na-prevencao-de-alagamentos\/","title":{"rendered":"Defesa Civil trabalha na preven\u00e7\u00e3o de alagamentos"},"content":{"rendered":"<div id=\"attachment_17333\" style=\"width: 331px\" class=\"wp-caption alignleft\"><a href=\"https:\/\/tvtecjundiai.com.br\/news\/wp-content\/uploads\/sites\/2\/2018\/09\/visita-mp-dr-batalini.jpg\"><img loading=\"lazy\" decoding=\"async\" aria-describedby=\"caption-attachment-17333\" class=\"wp-image-17333\" src=\"https:\/\/tvtecjundiai.com.br\/news\/wp-content\/uploads\/sites\/2\/2018\/09\/visita-mp-dr-batalini-300x173.jpg\" alt=\"\" width=\"321\" height=\"185\" srcset=\"https:\/\/tvtecjundiai.com.br\/news\/wp-content\/uploads\/sites\/2\/2018\/09\/visita-mp-dr-batalini-300x173.jpg 300w, https:\/\/tvtecjundiai.com.br\/news\/wp-content\/uploads\/sites\/2\/2018\/09\/visita-mp-dr-batalini-768x443.jpg 768w, https:\/\/tvtecjundiai.com.br\/news\/wp-content\/uploads\/sites\/2\/2018\/09\/visita-mp-dr-batalini-1200x693.jpg 1200w, https:\/\/tvtecjundiai.com.br\/news\/wp-content\/uploads\/sites\/2\/2018\/09\/visita-mp-dr-batalini.jpg 1280w\" sizes=\"auto, (max-width: 321px) 100vw, 321px\" \/><\/a><p id=\"caption-attachment-17333\" class=\"wp-caption-text\">Equipe realizou visitas de trabalho na Pol\u00edcia Militar e Departamento de \u00c1gua e Energia El\u00e9trica\u00a0<\/p><\/div>\n<p>T\u00e9cnicos da Defesa Civil e da Unidade de Gest\u00e3o de Infraestrutura e Servi\u00e7os P\u00fablicos (UGISP) realizaram visitas de trabalho\u00a0a sede da Pol\u00edcia Militar Ambiental (4\u00ba Cia do 1\u00ba Batalh\u00e3o) e no Departamento de \u00c1guas e Energia El\u00e9trica (DAEE) como parte\u00a0do Programa de Preven\u00e7\u00e3o de Alagamento e Inunda\u00e7\u00f5es, que inclui a limpeza e desassoreamento dos rios e c\u00f3rregos de Jundia\u00ed.<\/p>\n<p>Al\u00e9m da visita \u00e0s institui\u00e7\u00f5es, os t\u00e9cnicos se reuniram tamb\u00e9m com o promotor respons\u00e1vel pela \u00e1rea de urbanismo e meio ambiente, Claudemir Battalini, e com a ger\u00eancia da unidade da Cetesb em Jundia\u00ed.<\/p>\n<p>Segundo o coordenador da Defesa Civil, Jo\u00e3o Os\u00f3rio Gimenez Germano, em todas as reuni\u00f5es foi ressaltada \u00e0s autoridades a aten\u00e7\u00e3o dada \u00e0 quest\u00e3o da limpeza e desassoreamento dos rios e c\u00f3rregos, em conson\u00e2ncia com a Lei Ambiental vigente. \u201cTamb\u00e9m informamos sobre o trabalho da Prefeitura no que se refere ao requerimento de outorgas e licenciamentos junto aos \u00f3rg\u00e3os p\u00fablicos competentes. Tratamos, ainda, de outros assuntos relacionados \u00e0 Opera\u00e7\u00e3o Chuvas de Ver\u00e3o, de 1\u00ba de dezembro at\u00e9 31 de mar\u00e7o\u201d, completa o coordenador.<\/p>\n<p><em>(Fonte e Imagem: Prefeitura de Jundia\u00ed)<\/em><\/p>\n","protected":false},"excerpt":{"rendered":"<p>T\u00e9cnicos tamb\u00e9m conversaram com profissionais da \u00e1rea de meio ambiente <\/p>\n","protected":false},"author":11,"featured_media":17333,"comment_status":"closed","ping_status":"closed","sticky":false,"template":"","format":"standard","meta":{"footnotes":""},"categories":[2834,1],"tags":[2112,425,556],"class_list":["post-17332","post","type-post","status-publish","format-standard","has-post-thumbnail","hentry","category-cidades","category-noticias","tag-cidades","tag-defesa-civil","tag-noticias"],"_links":{"self":[{"href":"https:\/\/tvtecjundiai.com.br\/news\/wp-json\/wp\/v2\/posts\/17332","targetHints":{"allow":["GET"]}}],"collection":[{"href":"https:\/\/tvtecjundiai.com.br\/news\/wp-json\/wp\/v2\/posts"}],"about":[{"href":"https:\/\/tvtecjundiai.com.br\/news\/wp-json\/wp\/v2\/types\/post"}],"author":[{"embeddable":true,"href":"https:\/\/tvtecjundiai.com.br\/news\/wp-json\/wp\/v2\/users\/11"}],"replies":[{"embeddable":true,"href":"https:\/\/tvtecjundiai.com.br\/news\/wp-json\/wp\/v2\/comments?post=17332"}],"version-history":[{"count":1,"href":"https:\/\/tvtecjundiai.com.br\/news\/wp-json\/wp\/v2\/posts\/17332\/revisions"}],"predecessor-version":[{"id":17334,"href":"https:\/\/tvtecjundiai.com.br\/news\/wp-json\/wp\/v2\/posts\/17332\/revisions\/17334"}],"wp:featuredmedia":[{"embeddable":true,"href":"https:\/\/tvtecjundiai.com.br\/news\/wp-json\/wp\/v2\/media\/17333"}],"wp:attachment":[{"href":"https:\/\/tvtecjundiai.com.br\/news\/wp-json\/wp\/v2\/media?parent=17332"}],"wp:term":[{"taxonomy":"category","embeddable":true,"href":"https:\/\/tvtecjundiai.com.br\/news\/wp-json\/wp\/v2\/categories?post=17332"},{"taxonomy":"post_tag","embeddable":true,"href":"https:\/\/tvtecjundiai.com.br\/news\/wp-json\/wp\/v2\/tags?post=17332"}],"curies":[{"name":"wp","href":"https:\/\/api.w.org\/{rel}","templated":true}]}}