{"id":17432,"date":"2018-09-13T12:06:28","date_gmt":"2018-09-13T15:06:28","guid":{"rendered":"https:\/\/tvtecjundiai.com.br\/news\/?p=17432"},"modified":"2018-09-13T12:12:09","modified_gmt":"2018-09-13T15:12:09","slug":"nando-reis-faz-show-em-jundiai-em-dezembro","status":"publish","type":"post","link":"https:\/\/tvtecjundiai.com.br\/news\/2018\/09\/13\/nando-reis-faz-show-em-jundiai-em-dezembro\/","title":{"rendered":"Nando Reis faz show em Jundia\u00ed em dezembro"},"content":{"rendered":"<p>O cantor Nando Reis traz para Jundia\u00ed, no dia 21 de dezembro, o show\u00a0\u201cNando Reis &#8211; Voz e Viol\u00e3o\u201d. O espet\u00e1culo ser\u00e1 no Teatro Polytheama \u00e0s 21 horas.\u00a0Tendo somente o viol\u00e3o como seu parceiro de palco, Nando canta seus sucessos e apresenta vers\u00f5es diferentes para os seus cl\u00e1ssicos.<\/p>\n<div id=\"attachment_17433\" style=\"width: 410px\" class=\"wp-caption alignright\"><a href=\"https:\/\/tvtecjundiai.com.br\/news\/wp-content\/uploads\/sites\/2\/2018\/09\/nando-reis.jpeg\"><img loading=\"lazy\" decoding=\"async\" aria-describedby=\"caption-attachment-17433\" class=\"wp-image-17433\" src=\"https:\/\/tvtecjundiai.com.br\/news\/wp-content\/uploads\/sites\/2\/2018\/09\/nando-reis-300x188.jpeg\" alt=\"\" width=\"400\" height=\"250\" \/><\/a><p id=\"caption-attachment-17433\" class=\"wp-caption-text\">Nando Reis traz seu espet\u00e1culo no formato voz e viol\u00e3o, apresentando vers\u00f5es de seus cl\u00e1ssicos<\/p><\/div>\n<p>O objetivo do show \u00e9 apresentar as can\u00e7\u00f5es exatamente como foram concebidas. No palco estar\u00e3o somente o artista e seu viol\u00e3o, combinando a doce vibra\u00e7\u00e3o das cordas com sua voz e algumas batidas no instrumento, que funciona \u00e0s vezes de percuss\u00e3o.<\/p>\n<p>O repert\u00f3rio contar\u00e1 com sucessos como \u201cAll Star\u201d, \u201cDiariamente\u201d, \u201cEspat\u00f3dea\u201d e \u201cRelic\u00e1rio\u201d. Al\u00e9m disso, vers\u00f5es de seus cl\u00e1ssicos tamb\u00e9m marcam presen\u00e7a como \u201cLuz dos Olhos\u201d, \u201cO Segundo Sol\u201d, \u201cQuem Vai Dizer Tchau\u201d e \u201cNos Seus Olhos\u201d.<\/p>\n<p>Os ingressos, com valores entre R$ 70 e R$ 200, podem ser adquiridos online <strong><a href=\"https:\/\/www.ingressorapido.com.br\/event\/9557\/d\/41899\">aqui<\/a>\u00a0<\/strong>ou na bilheteria do Teatro Polytheama, localizada na rua Bar\u00e3o de Jundia\u00ed, 176. A bilheteria funciona de segunda a sexta, das 13 \u00e0s 17 horas, e aos fins de semana em que h\u00e1 espet\u00e1culo no Teatro, das 14 \u00e0s 17 horas. A classifica\u00e7\u00e3o et\u00e1ria do show \u00e9 livre.<\/p>\n<p><em>(Fonte: Ingresso R\u00e1pido)<\/em><br \/>\n<em>(Imagem: <a href=\"https:\/\/www.revide.com.br\/\">Revide<\/a>)<\/em><\/p>\n","protected":false},"excerpt":{"rendered":"<p>Espet\u00e1culo ser\u00e1 no dia 21 de dezembro no Teatro Polytheama<\/p>\n","protected":false},"author":10,"featured_media":17433,"comment_status":"closed","ping_status":"closed","sticky":false,"template":"","format":"standard","meta":{"footnotes":""},"categories":[2834,2833,29],"tags":[4004,10],"class_list":["post-17432","post","type-post","status-publish","format-standard","has-post-thumbnail","hentry","category-cidades","category-cultura","category-destaque","tag-nando-reis","tag-teatro-polytheama"],"_links":{"self":[{"href":"https:\/\/tvtecjundiai.com.br\/news\/wp-json\/wp\/v2\/posts\/17432","targetHints":{"allow":["GET"]}}],"collection":[{"href":"https:\/\/tvtecjundiai.com.br\/news\/wp-json\/wp\/v2\/posts"}],"about":[{"href":"https:\/\/tvtecjundiai.com.br\/news\/wp-json\/wp\/v2\/types\/post"}],"author":[{"embeddable":true,"href":"https:\/\/tvtecjundiai.com.br\/news\/wp-json\/wp\/v2\/users\/10"}],"replies":[{"embeddable":true,"href":"https:\/\/tvtecjundiai.com.br\/news\/wp-json\/wp\/v2\/comments?post=17432"}],"version-history":[{"count":4,"href":"https:\/\/tvtecjundiai.com.br\/news\/wp-json\/wp\/v2\/posts\/17432\/revisions"}],"predecessor-version":[{"id":17437,"href":"https:\/\/tvtecjundiai.com.br\/news\/wp-json\/wp\/v2\/posts\/17432\/revisions\/17437"}],"wp:featuredmedia":[{"embeddable":true,"href":"https:\/\/tvtecjundiai.com.br\/news\/wp-json\/wp\/v2\/media\/17433"}],"wp:attachment":[{"href":"https:\/\/tvtecjundiai.com.br\/news\/wp-json\/wp\/v2\/media?parent=17432"}],"wp:term":[{"taxonomy":"category","embeddable":true,"href":"https:\/\/tvtecjundiai.com.br\/news\/wp-json\/wp\/v2\/categories?post=17432"},{"taxonomy":"post_tag","embeddable":true,"href":"https:\/\/tvtecjundiai.com.br\/news\/wp-json\/wp\/v2\/tags?post=17432"}],"curies":[{"name":"wp","href":"https:\/\/api.w.org\/{rel}","templated":true}]}}