{"id":17461,"date":"2018-09-14T07:54:59","date_gmt":"2018-09-14T10:54:59","guid":{"rendered":"https:\/\/tvtecjundiai.com.br\/news\/?p=17461"},"modified":"2018-09-14T07:54:59","modified_gmt":"2018-09-14T10:54:59","slug":"caminhada-via-rio-marca-dia-mundial-sem-carro","status":"publish","type":"post","link":"https:\/\/tvtecjundiai.com.br\/news\/2018\/09\/14\/caminhada-via-rio-marca-dia-mundial-sem-carro\/","title":{"rendered":"Caminhada Via Rio marca Dia Mundial sem Carro"},"content":{"rendered":"<div id=\"attachment_17462\" style=\"width: 328px\" class=\"wp-caption alignleft\"><a href=\"https:\/\/tvtecjundiai.com.br\/news\/wp-content\/uploads\/sites\/2\/2018\/09\/rio-jundiai-27.jpg\"><img loading=\"lazy\" decoding=\"async\" aria-describedby=\"caption-attachment-17462\" class=\"wp-image-17462\" src=\"https:\/\/tvtecjundiai.com.br\/news\/wp-content\/uploads\/sites\/2\/2018\/09\/rio-jundiai-27-300x199.jpg\" alt=\"\" width=\"318\" height=\"211\" srcset=\"https:\/\/tvtecjundiai.com.br\/news\/wp-content\/uploads\/sites\/2\/2018\/09\/rio-jundiai-27-300x199.jpg 300w, https:\/\/tvtecjundiai.com.br\/news\/wp-content\/uploads\/sites\/2\/2018\/09\/rio-jundiai-27-768x509.jpg 768w, https:\/\/tvtecjundiai.com.br\/news\/wp-content\/uploads\/sites\/2\/2018\/09\/rio-jundiai-27-1200x796.jpg 1200w, https:\/\/tvtecjundiai.com.br\/news\/wp-content\/uploads\/sites\/2\/2018\/09\/rio-jundiai-27.jpg 1280w\" sizes=\"auto, (max-width: 318px) 100vw, 318px\" \/><\/a><p id=\"caption-attachment-17462\" class=\"wp-caption-text\">Caminhada ter\u00e1 trajeto pelos rios que cortam a regi\u00e3o Central de Jundia\u00ed<\/p><\/div>\n<p>A Caminhada Via Rio marca o Dia Mundial Sem Carro no pr\u00f3ximo s\u00e1bado (22). O trajeto ser\u00e1 pelas vias urbanas que margeiam os rios de Jundia\u00ed.\u00a0O objetivo do evento, al\u00e9m de mobilizar a popula\u00e7\u00e3o para priorizar a caminhada, tem a inten\u00e7\u00e3o de despertar o interesse sobre a educa\u00e7\u00e3o ambiental desses trechos de cursos d\u00b4\u00e1gua importantes que integram a bacia do Rio Jundia\u00ed.<\/p>\n<p>\u201cJundia\u00ed conta\u00a0com muitos cursos d\u00b4\u00e1gua, entre eles\u00a0o Rio Jundia\u00ed, o c\u00f3rrego do Mato e o Guapeva, que cortam a cidade e nem sempre ganham a aten\u00e7\u00e3o da popula\u00e7\u00e3o. Esse evento \u00e9 importante para sensibilizar as pessoas sobre a riqueza que est\u00e1 em plena regi\u00e3o Central\u201d, comenta do gestor da Unidade de Planejamento Urbano e Meio Ambiente (UGPUMA), Sin\u00e9sio Scarabello.<\/p>\n<p>O trajeto completo do percurso tem in\u00edcio no Pa\u00e7o Municipal, \u00e0s 8h30, e segue pela Avenida Frederico Ozanan at\u00e9 o Viaduto Sperandio Peliciari, rua Jos\u00e9 do Patroc\u00ednio, avenida Odil Campos Saes, rua Messina e avenida Nove de Julho. O trajeto completo tem aproximadamente 10 quil\u00f4metros e contar\u00e1\u00a0com uma apresenta\u00e7\u00e3o para despertar a percep\u00e7\u00e3o dos participantes \u00e0 leitura do territ\u00f3rio a ser percorrido, sob a perspectiva dos rios.\u00a0\u00a0No evento ser\u00e1 lan\u00e7ado o Concurso Nacional Vale do Rio Jundia\u00ed, para elabora\u00e7\u00e3o de projetos para requalifica\u00e7\u00e3o urbana de parte de trecho do rio.<\/p>\n<p><em>(Fonte e Imagem: Prefeitura de Jundia\u00ed)<\/em><\/p>\n","protected":false},"excerpt":{"rendered":"<p>Evento \u00e9 promovido pela Unidade de Gest\u00e3o de Planejamento e Meio Ambiente <\/p>\n","protected":false},"author":11,"featured_media":17462,"comment_status":"closed","ping_status":"closed","sticky":false,"template":"","format":"standard","meta":{"footnotes":""},"categories":[2834,3569,1],"tags":[2112,563,556,561],"class_list":["post-17461","post","type-post","status-publish","format-standard","has-post-thumbnail","hentry","category-cidades","category-meio-ambiente","category-noticias","tag-cidades","tag-meio-ambiente","tag-noticias","tag-ugpuma"],"_links":{"self":[{"href":"https:\/\/tvtecjundiai.com.br\/news\/wp-json\/wp\/v2\/posts\/17461","targetHints":{"allow":["GET"]}}],"collection":[{"href":"https:\/\/tvtecjundiai.com.br\/news\/wp-json\/wp\/v2\/posts"}],"about":[{"href":"https:\/\/tvtecjundiai.com.br\/news\/wp-json\/wp\/v2\/types\/post"}],"author":[{"embeddable":true,"href":"https:\/\/tvtecjundiai.com.br\/news\/wp-json\/wp\/v2\/users\/11"}],"replies":[{"embeddable":true,"href":"https:\/\/tvtecjundiai.com.br\/news\/wp-json\/wp\/v2\/comments?post=17461"}],"version-history":[{"count":1,"href":"https:\/\/tvtecjundiai.com.br\/news\/wp-json\/wp\/v2\/posts\/17461\/revisions"}],"predecessor-version":[{"id":17463,"href":"https:\/\/tvtecjundiai.com.br\/news\/wp-json\/wp\/v2\/posts\/17461\/revisions\/17463"}],"wp:featuredmedia":[{"embeddable":true,"href":"https:\/\/tvtecjundiai.com.br\/news\/wp-json\/wp\/v2\/media\/17462"}],"wp:attachment":[{"href":"https:\/\/tvtecjundiai.com.br\/news\/wp-json\/wp\/v2\/media?parent=17461"}],"wp:term":[{"taxonomy":"category","embeddable":true,"href":"https:\/\/tvtecjundiai.com.br\/news\/wp-json\/wp\/v2\/categories?post=17461"},{"taxonomy":"post_tag","embeddable":true,"href":"https:\/\/tvtecjundiai.com.br\/news\/wp-json\/wp\/v2\/tags?post=17461"}],"curies":[{"name":"wp","href":"https:\/\/api.w.org\/{rel}","templated":true}]}}