{"id":17470,"date":"2018-09-14T08:52:59","date_gmt":"2018-09-14T11:52:59","guid":{"rendered":"https:\/\/tvtecjundiai.com.br\/news\/?p=17470"},"modified":"2018-09-14T10:45:31","modified_gmt":"2018-09-14T13:45:31","slug":"recanto-quarto-centenario-passara-a-ter-varejao","status":"publish","type":"post","link":"https:\/\/tvtecjundiai.com.br\/news\/2018\/09\/14\/recanto-quarto-centenario-passara-a-ter-varejao\/","title":{"rendered":"Recanto Quarto Centen\u00e1rio passar\u00e1 a ter varej\u00e3o"},"content":{"rendered":"<div id=\"attachment_17490\" style=\"width: 360px\" class=\"wp-caption alignleft\"><a href=\"https:\/\/tvtecjundiai.com.br\/news\/wp-content\/uploads\/sites\/2\/2018\/09\/feira-livre-no-anhangabau-109-1.jpg\"><img loading=\"lazy\" decoding=\"async\" aria-describedby=\"caption-attachment-17490\" class=\"wp-image-17490\" src=\"https:\/\/tvtecjundiai.com.br\/news\/wp-content\/uploads\/sites\/2\/2018\/09\/feira-livre-no-anhangabau-109-1-300x200.jpg\" alt=\"\" width=\"350\" height=\"233\" srcset=\"https:\/\/tvtecjundiai.com.br\/news\/wp-content\/uploads\/sites\/2\/2018\/09\/feira-livre-no-anhangabau-109-1-300x200.jpg 300w, https:\/\/tvtecjundiai.com.br\/news\/wp-content\/uploads\/sites\/2\/2018\/09\/feira-livre-no-anhangabau-109-1-768x512.jpg 768w, https:\/\/tvtecjundiai.com.br\/news\/wp-content\/uploads\/sites\/2\/2018\/09\/feira-livre-no-anhangabau-109-1-1200x800.jpg 1200w, https:\/\/tvtecjundiai.com.br\/news\/wp-content\/uploads\/sites\/2\/2018\/09\/feira-livre-no-anhangabau-109-1.jpg 1280w\" sizes=\"auto, (max-width: 350px) 100vw, 350px\" \/><\/a><p id=\"caption-attachment-17490\" class=\"wp-caption-text\">No local, ser\u00e3o comercializados legumes, frutas, verduras, entre outros<\/p><\/div>\n<p>A Unidade de Gest\u00e3o de Agroneg\u00f3cio, Abastecimento e Turismo informa que, a partir do dia 22 de setembro, o varej\u00e3o do Jardim das Tulipas ser\u00e1 transferido para o Recanto Quarto Centen\u00e1rio. Os permission\u00e1rios ficar\u00e3o instalados na rua Cacilda Becker, esquina com a avenida Antonio Pincinato, aos s\u00e1bados, das 7h \u00e0s 11h30.<\/p>\n<p>No local, ser\u00e3o comercializados legumes, frutas, verduras, past\u00e9is, caldo de cana, milho e derivados, pescados, aves e tamb\u00e9m ser\u00e1 oferecido o servi\u00e7o de conserto de panelas e artigos dom\u00e9sticos. Mais informa\u00e7\u00f5es podem ser obtidas pelo telefone (11) 4589-8576.<\/p>\n<p><em>(Fonte e Imagem: Prefeitura de Jundia\u00ed)<\/em><\/p>\n","protected":false},"excerpt":{"rendered":"<p>Os comerciantes estar\u00e3o na ua Cacilda Becker das 7 \u00e0s 11h30<\/p>\n","protected":false},"author":11,"featured_media":17471,"comment_status":"closed","ping_status":"closed","sticky":false,"template":"","format":"standard","meta":{"footnotes":""},"categories":[2834,1],"tags":[2112,556,4005],"class_list":["post-17470","post","type-post","status-publish","format-standard","has-post-thumbnail","hentry","category-cidades","category-noticias","tag-cidades","tag-noticias","tag-vaerjao"],"_links":{"self":[{"href":"https:\/\/tvtecjundiai.com.br\/news\/wp-json\/wp\/v2\/posts\/17470","targetHints":{"allow":["GET"]}}],"collection":[{"href":"https:\/\/tvtecjundiai.com.br\/news\/wp-json\/wp\/v2\/posts"}],"about":[{"href":"https:\/\/tvtecjundiai.com.br\/news\/wp-json\/wp\/v2\/types\/post"}],"author":[{"embeddable":true,"href":"https:\/\/tvtecjundiai.com.br\/news\/wp-json\/wp\/v2\/users\/11"}],"replies":[{"embeddable":true,"href":"https:\/\/tvtecjundiai.com.br\/news\/wp-json\/wp\/v2\/comments?post=17470"}],"version-history":[{"count":3,"href":"https:\/\/tvtecjundiai.com.br\/news\/wp-json\/wp\/v2\/posts\/17470\/revisions"}],"predecessor-version":[{"id":17491,"href":"https:\/\/tvtecjundiai.com.br\/news\/wp-json\/wp\/v2\/posts\/17470\/revisions\/17491"}],"wp:featuredmedia":[{"embeddable":true,"href":"https:\/\/tvtecjundiai.com.br\/news\/wp-json\/wp\/v2\/media\/17471"}],"wp:attachment":[{"href":"https:\/\/tvtecjundiai.com.br\/news\/wp-json\/wp\/v2\/media?parent=17470"}],"wp:term":[{"taxonomy":"category","embeddable":true,"href":"https:\/\/tvtecjundiai.com.br\/news\/wp-json\/wp\/v2\/categories?post=17470"},{"taxonomy":"post_tag","embeddable":true,"href":"https:\/\/tvtecjundiai.com.br\/news\/wp-json\/wp\/v2\/tags?post=17470"}],"curies":[{"name":"wp","href":"https:\/\/api.w.org\/{rel}","templated":true}]}}