{"id":17473,"date":"2018-09-14T09:39:11","date_gmt":"2018-09-14T12:39:11","guid":{"rendered":"https:\/\/tvtecjundiai.com.br\/news\/?p=17473"},"modified":"2018-09-14T11:43:58","modified_gmt":"2018-09-14T14:43:58","slug":"2o-festival-de-teatro-promove-oficinas-gratuitas","status":"publish","type":"post","link":"https:\/\/tvtecjundiai.com.br\/news\/2018\/09\/14\/2o-festival-de-teatro-promove-oficinas-gratuitas\/","title":{"rendered":"2\u00ba Festival de Teatro promove oficinas gratuitas"},"content":{"rendered":"<p>Al\u00e9m da programa\u00e7\u00e3o gratuita com 25 espet\u00e1culos teatrais profissionais e amadores no Teatro Polytheama, Complexo Fepasa e no Centro, a\u00a0<a href=\"https:\/\/cultura.jundiai.sp.gov.br\/2o-festival-de-teatro-de-jundiai\/\" target=\"_blank\" rel=\"noopener\">2\u00ba edi\u00e7\u00e3o do Festival de Teatro de Jundia\u00ed (Festeju)<\/a>\u00a0traz tamb\u00e9m mais eventos gratuitos, com apresenta\u00e7\u00f5es, debates e oficinas, atrav\u00e9s do apoio institucional do Sesc Jundia\u00ed.<\/p>\n<div id=\"attachment_17475\" style=\"width: 360px\" class=\"wp-caption alignright\"><a href=\"https:\/\/tvtecjundiai.com.br\/news\/wp-content\/uploads\/sites\/2\/2018\/09\/festeju_complexo-102.jpg\"><img loading=\"lazy\" decoding=\"async\" aria-describedby=\"caption-attachment-17475\" class=\"wp-image-17475\" src=\"https:\/\/tvtecjundiai.com.br\/news\/wp-content\/uploads\/sites\/2\/2018\/09\/festeju_complexo-102-300x210.jpg\" alt=\"\" width=\"350\" height=\"245\" srcset=\"https:\/\/tvtecjundiai.com.br\/news\/wp-content\/uploads\/sites\/2\/2018\/09\/festeju_complexo-102-300x210.jpg 300w, https:\/\/tvtecjundiai.com.br\/news\/wp-content\/uploads\/sites\/2\/2018\/09\/festeju_complexo-102-768x537.jpg 768w, https:\/\/tvtecjundiai.com.br\/news\/wp-content\/uploads\/sites\/2\/2018\/09\/festeju_complexo-102-1200x839.jpg 1200w, https:\/\/tvtecjundiai.com.br\/news\/wp-content\/uploads\/sites\/2\/2018\/09\/festeju_complexo-102.jpg 1280w\" sizes=\"auto, (max-width: 350px) 100vw, 350px\" \/><\/a><p id=\"caption-attachment-17475\" class=\"wp-caption-text\">Todas as atra\u00e7\u00f5es ser\u00e3o gratuitas. Os ingressos ser\u00e3o distribu\u00eddos na data e hor\u00e1rio dos espet\u00e1culos<\/p><\/div>\n<p>Nesta sexta-feira (14), \u00e0s 20h, o Complexo Fepasa, que fica na avenida Uni\u00e3o dos Ferrovi\u00e1rios, 1760, recebe o espet\u00e1culo \u201cO Circo Fubanguinho\u201d, da Trupe da Lona Preta, que conta a hist\u00f3ria de dois palha\u00e7os demitidos e expulsos do picadeiro.\u00a0J\u00e1 a programa\u00e7\u00e3o de oficinas come\u00e7a no s\u00e1bado (15), das 10h30 \u00e0s 13h30, com \u201cUm encontro com Denise Weinberg\u201d, que visa discutir o oficio do ator nos dias de hoje e seu comportamento no teatro, no cinema e na televis\u00e3o. A atividade ser\u00e1 realizada na Sala dos Rel\u00f3gios, no Complexo Fepasa.<\/p>\n<p>As oficinas continuam no s\u00e1bado (22) e domingo (23), das 10h30 \u00e0s 13h30, com \u201cMusicalidade e Caligrafia C\u00eanica na Constru\u00e7\u00e3o do Corpo Espetacular\u201d, que tratar\u00e1 da percep\u00e7\u00e3o do corpo como elemento primeiro da cria\u00e7\u00e3o teatral, de sua concretude, bem como da transforma\u00e7\u00e3o de imagens abstratas em mat\u00e9ria po\u00e9tica viva.<\/p>\n<p>A oficina \u00e9 direcionada para estudantes de artes, atores, bailarinos, artistas circenses, com ou sem experi\u00eancia pr\u00e9via. Os interessados em participar do evento no Sesc, que fica na avenida Ant\u00f4nio Frederico Ozanan, 6600, Jardim Bot\u00e2nico, dever\u00e3o se inscrever at\u00e9 a quinta-feira (20), atrav\u00e9s do envio, para o e-mail\u00a0cenicas@jundiai.sescsp.org.br\u00a0de uma carta de interesse e de um breve curr\u00edculo.<\/p>\n<p><em>(Fonte e Imagem: Prefeitura de Jundia\u00ed)<\/em><\/p>\n","protected":false},"excerpt":{"rendered":"<p>Algumas atra\u00e7\u00f5es ser\u00e3o realizadas em parceria com o Sesc Jundia\u00ed <\/p>\n","protected":false},"author":11,"featured_media":17475,"comment_status":"closed","ping_status":"closed","sticky":false,"template":"","format":"standard","meta":{"footnotes":""},"categories":[2834,1],"tags":[2112,84,4001,556],"class_list":["post-17473","post","type-post","status-publish","format-standard","has-post-thumbnail","hentry","category-cidades","category-noticias","tag-cidades","tag-cultura","tag-festival-de-teatro","tag-noticias"],"_links":{"self":[{"href":"https:\/\/tvtecjundiai.com.br\/news\/wp-json\/wp\/v2\/posts\/17473","targetHints":{"allow":["GET"]}}],"collection":[{"href":"https:\/\/tvtecjundiai.com.br\/news\/wp-json\/wp\/v2\/posts"}],"about":[{"href":"https:\/\/tvtecjundiai.com.br\/news\/wp-json\/wp\/v2\/types\/post"}],"author":[{"embeddable":true,"href":"https:\/\/tvtecjundiai.com.br\/news\/wp-json\/wp\/v2\/users\/11"}],"replies":[{"embeddable":true,"href":"https:\/\/tvtecjundiai.com.br\/news\/wp-json\/wp\/v2\/comments?post=17473"}],"version-history":[{"count":3,"href":"https:\/\/tvtecjundiai.com.br\/news\/wp-json\/wp\/v2\/posts\/17473\/revisions"}],"predecessor-version":[{"id":17498,"href":"https:\/\/tvtecjundiai.com.br\/news\/wp-json\/wp\/v2\/posts\/17473\/revisions\/17498"}],"wp:featuredmedia":[{"embeddable":true,"href":"https:\/\/tvtecjundiai.com.br\/news\/wp-json\/wp\/v2\/media\/17475"}],"wp:attachment":[{"href":"https:\/\/tvtecjundiai.com.br\/news\/wp-json\/wp\/v2\/media?parent=17473"}],"wp:term":[{"taxonomy":"category","embeddable":true,"href":"https:\/\/tvtecjundiai.com.br\/news\/wp-json\/wp\/v2\/categories?post=17473"},{"taxonomy":"post_tag","embeddable":true,"href":"https:\/\/tvtecjundiai.com.br\/news\/wp-json\/wp\/v2\/tags?post=17473"}],"curies":[{"name":"wp","href":"https:\/\/api.w.org\/{rel}","templated":true}]}}