{"id":17626,"date":"2018-09-18T07:36:46","date_gmt":"2018-09-18T10:36:46","guid":{"rendered":"https:\/\/tvtecjundiai.com.br\/news\/?p=17626"},"modified":"2018-09-19T15:10:33","modified_gmt":"2018-09-19T18:10:33","slug":"dia-do-teatro-e-comemorado-na-praca-da-matriz","status":"publish","type":"post","link":"https:\/\/tvtecjundiai.com.br\/news\/2018\/09\/18\/dia-do-teatro-e-comemorado-na-praca-da-matriz\/","title":{"rendered":"Dia do Teatro \u00e9 comemorado na Pra\u00e7a da Matriz"},"content":{"rendered":"<p>As atra\u00e7\u00f5es do Dia do Teatro, comemorado em 15 de setembro, ser\u00e3o realizadas nesta quarta-feira (19) na Pra\u00e7a Governador Pedro de Toledo (Pra\u00e7a da Matriz), das 11 \u00e0s 17 horas. Este \u00e9 o primeiro ano que o Dia do Teatro recebe programa\u00e7\u00e3o especial, pois anteriormente a data era lembrada em conjunto com o dia do Circo. Para o gestor da Unidade de Cultura (UGC), Marcelo Peroni,\u00a0\u201ccomemorar o dia do teatro \u00e9 dar a devida import\u00e2ncia a essa linguagem t\u00e3o necess\u00e1ria, completa e que tem for\u00e7a enorme de reflex\u00e3o junto ao p\u00fablico\u201d.<\/p>\n<div id=\"attachment_15776\" style=\"width: 313px\" class=\"wp-caption alignleft\"><a href=\"https:\/\/tvtecjundiai.com.br\/news\/wp-content\/uploads\/sites\/2\/2018\/08\/igreja-matriz-nossa-senhora-do-desterro-2-e1534190096402.jpg\"><img loading=\"lazy\" decoding=\"async\" aria-describedby=\"caption-attachment-15776\" class=\"wp-image-15776\" src=\"https:\/\/tvtecjundiai.com.br\/news\/wp-content\/uploads\/sites\/2\/2018\/08\/igreja-matriz-nossa-senhora-do-desterro-2-e1534190096402-300x216.jpg\" alt=\"\" width=\"303\" height=\"218\" srcset=\"https:\/\/tvtecjundiai.com.br\/news\/wp-content\/uploads\/sites\/2\/2018\/08\/igreja-matriz-nossa-senhora-do-desterro-2-e1534190096402-300x216.jpg 300w, https:\/\/tvtecjundiai.com.br\/news\/wp-content\/uploads\/sites\/2\/2018\/08\/igreja-matriz-nossa-senhora-do-desterro-2-e1534190096402-768x553.jpg 768w, https:\/\/tvtecjundiai.com.br\/news\/wp-content\/uploads\/sites\/2\/2018\/08\/igreja-matriz-nossa-senhora-do-desterro-2-e1534190096402.jpg 1180w\" sizes=\"auto, (max-width: 303px) 100vw, 303px\" \/><\/a><p id=\"caption-attachment-15776\" class=\"wp-caption-text\">Atra\u00e7\u00f5es ser\u00e3o realizadas o dia todo, das 11 \u00e0s 17 horas<\/p><\/div>\n<p>A programa\u00e7\u00e3o come\u00e7a com a Oficina de M\u00e1scaras de Jo\u00e3o de Souza. Recomendada para maiores de 6 anos, a proposta da atividade \u00e9 misturar os sentidos e a livre criatividade atrav\u00e9s da realiza\u00e7\u00e3o de m\u00e1scaras de gesso personalizadas. A oficina volta \u00e0s 16h.<\/p>\n<p>J\u00e1 a companhia \u201cT\u00e1 na hora\u201d d\u00e1 in\u00edcio, \u00e0s 12h15, \u00e0 programa\u00e7\u00e3o de apresenta\u00e7\u00f5es com \u201cO lobo e os Cabritinhos\u201d e \u201cO Casamento da Dona Baratinha\u201d. Em seguida, \u00e0s 12h45, a companhia \u201cGiro no Biombo\u201d apresenta \u201cUm Quarto de Hist\u00f3rias\u201d. J\u00e1 a Cia. Teatral Rick e Kelly apresenta, \u00e0s 13h45, a encena\u00e7\u00e3o de \u201cChapeuzinho Vermelho\u201d. A divers\u00e3o continua com \u201cPeter Pan\u201d, da Claquete Cia Teatral, \u00e0s 14h30.<\/p>\n<p>A programa\u00e7\u00e3o contar\u00e1 ainda com as apresenta\u00e7\u00f5es \u201cCompra-se uma ideia\u201d, da Trupe Fans, \u00e0s 15h; \u201cUm dia de Rai\u201d, de Vivi Masolli, \u00e0s 15h30; \u201cCard\u00e1pio de Cenas\u201d, da Cia. Um do Outro, \u00e0s 16h; e \u201cBom Appetit\u201d, de Madalena, \u00e0s 16h30. O encerramento das atividades ser\u00e1 \u00e0s 17h e ficar\u00e1 por conta da Cia. Os Palha\u00e7os de Rua com a apresenta\u00e7\u00e3o \u201cCena Profissional\u201d.<\/p>\n<p><em>(Fonte e Imagem: Prefeitura de Jundia\u00ed)<\/em><\/p>\n","protected":false},"excerpt":{"rendered":"<p>Atividades foram promovidas pela Unidade de Gest\u00e3o de Cultura <\/p>\n","protected":false},"author":11,"featured_media":17627,"comment_status":"closed","ping_status":"closed","sticky":false,"template":"","format":"standard","meta":{"footnotes":""},"categories":[2834,2833,1],"tags":[2112,84,4015,556],"class_list":["post-17626","post","type-post","status-publish","format-standard","has-post-thumbnail","hentry","category-cidades","category-cultura","category-noticias","tag-cidades","tag-cultura","tag-dia-do-teatro","tag-noticias"],"_links":{"self":[{"href":"https:\/\/tvtecjundiai.com.br\/news\/wp-json\/wp\/v2\/posts\/17626","targetHints":{"allow":["GET"]}}],"collection":[{"href":"https:\/\/tvtecjundiai.com.br\/news\/wp-json\/wp\/v2\/posts"}],"about":[{"href":"https:\/\/tvtecjundiai.com.br\/news\/wp-json\/wp\/v2\/types\/post"}],"author":[{"embeddable":true,"href":"https:\/\/tvtecjundiai.com.br\/news\/wp-json\/wp\/v2\/users\/11"}],"replies":[{"embeddable":true,"href":"https:\/\/tvtecjundiai.com.br\/news\/wp-json\/wp\/v2\/comments?post=17626"}],"version-history":[{"count":2,"href":"https:\/\/tvtecjundiai.com.br\/news\/wp-json\/wp\/v2\/posts\/17626\/revisions"}],"predecessor-version":[{"id":17726,"href":"https:\/\/tvtecjundiai.com.br\/news\/wp-json\/wp\/v2\/posts\/17626\/revisions\/17726"}],"wp:featuredmedia":[{"embeddable":true,"href":"https:\/\/tvtecjundiai.com.br\/news\/wp-json\/wp\/v2\/media\/17627"}],"wp:attachment":[{"href":"https:\/\/tvtecjundiai.com.br\/news\/wp-json\/wp\/v2\/media?parent=17626"}],"wp:term":[{"taxonomy":"category","embeddable":true,"href":"https:\/\/tvtecjundiai.com.br\/news\/wp-json\/wp\/v2\/categories?post=17626"},{"taxonomy":"post_tag","embeddable":true,"href":"https:\/\/tvtecjundiai.com.br\/news\/wp-json\/wp\/v2\/tags?post=17626"}],"curies":[{"name":"wp","href":"https:\/\/api.w.org\/{rel}","templated":true}]}}