{"id":17748,"date":"2018-09-20T07:31:19","date_gmt":"2018-09-20T10:31:19","guid":{"rendered":"https:\/\/tvtecjundiai.com.br\/news\/?p=17748"},"modified":"2018-09-20T09:48:05","modified_gmt":"2018-09-20T12:48:05","slug":"dia-do-teatro-e-comemorado-com-atracoes-gratuitas","status":"publish","type":"post","link":"https:\/\/tvtecjundiai.com.br\/news\/2018\/09\/20\/dia-do-teatro-e-comemorado-com-atracoes-gratuitas\/","title":{"rendered":"Dia do Teatro \u00e9 comemorado com atra\u00e7\u00f5es gratuitas"},"content":{"rendered":"<p>A programa\u00e7\u00e3o do Dia do Teatro em Jundia\u00ed come\u00e7ou na manh\u00e3 desta quarta-feira (19) com a oficina de m\u00e1scaras de gesso personalizadas. Ao longo do dia, as companhias teatrais T\u00e1 na Hora, Giro no Biombo, Claquete, Trupe Fans, Vivi Masolli, Um do Outro e Madalena tamb\u00e9m encantaram a todos que passaram pela pra\u00e7a com espet\u00e1culos gratuitos na Pra\u00e7a da Matriz.<\/p>\n<div id=\"attachment_17749\" style=\"width: 324px\" class=\"wp-caption alignright\"><a href=\"https:\/\/tvtecjundiai.com.br\/news\/wp-content\/uploads\/sites\/2\/2018\/09\/dia_do_teatro_matriz-23.jpg\"><img loading=\"lazy\" decoding=\"async\" aria-describedby=\"caption-attachment-17749\" class=\"wp-image-17749\" src=\"https:\/\/tvtecjundiai.com.br\/news\/wp-content\/uploads\/sites\/2\/2018\/09\/dia_do_teatro_matriz-23-300x200.jpg\" alt=\"\" width=\"314\" height=\"209\" srcset=\"https:\/\/tvtecjundiai.com.br\/news\/wp-content\/uploads\/sites\/2\/2018\/09\/dia_do_teatro_matriz-23-300x200.jpg 300w, https:\/\/tvtecjundiai.com.br\/news\/wp-content\/uploads\/sites\/2\/2018\/09\/dia_do_teatro_matriz-23-768x512.jpg 768w, https:\/\/tvtecjundiai.com.br\/news\/wp-content\/uploads\/sites\/2\/2018\/09\/dia_do_teatro_matriz-23-1200x800.jpg 1200w, https:\/\/tvtecjundiai.com.br\/news\/wp-content\/uploads\/sites\/2\/2018\/09\/dia_do_teatro_matriz-23.jpg 1280w\" sizes=\"auto, (max-width: 314px) 100vw, 314px\" \/><\/a><p id=\"caption-attachment-17749\" class=\"wp-caption-text\">Com oito anos, Vitor Pires j\u00e1 se interessa pela linguagem do teatro<\/p><\/div>\n<p>Vitor Pires (8), assistiu, acompanhado dos pais, a\u00a0pe\u00e7a \u201cChapeuzinho Vermelho e o Lobo Mau\u201d, com os atores da companhia Rick e Kelly.\u00a0 A m\u00e3e, Ros\u00e2ngela,\u00a0 afirma que o menino tem gosto pela linguagem.\u00a0\u201cEle sempre se interessou pelo teatro. J\u00e1 o acompanhamos em pe\u00e7as no Teatro Polytheama e outros espa\u00e7os, como nos shoppings. O teatro \u00e9 uma manifesta\u00e7\u00e3o cultural importante\u201d, explica a m\u00e3e.<\/p>\n<p>Para o gestor da UGC, Marcelo Peroni, o teatro \u00e9 uma arte essencial na vida das pessoas. \u201cA fim de valorizar esta arte, cuja linguagem \u00e9 essencial, e os artistas que a ela se dedicam, a UGC traz no m\u00eas de setembro o 2\u00ba Festival de Teatro de Jundia\u00ed, o Festeju\u201d.<\/p>\n<p><em>(Fonte e Imagem: Prefeitura de Jundia\u00ed)<\/em><\/p>\n","protected":false},"excerpt":{"rendered":"<p>Este \u00e9 o primeiro ano que Jundia\u00ed recebe programa\u00e7\u00e3o especial <\/p>\n","protected":false},"author":11,"featured_media":17627,"comment_status":"closed","ping_status":"closed","sticky":false,"template":"","format":"standard","meta":{"footnotes":""},"categories":[2834,2833,1],"tags":[2112,84,556],"class_list":["post-17748","post","type-post","status-publish","format-standard","has-post-thumbnail","hentry","category-cidades","category-cultura","category-noticias","tag-cidades","tag-cultura","tag-noticias"],"_links":{"self":[{"href":"https:\/\/tvtecjundiai.com.br\/news\/wp-json\/wp\/v2\/posts\/17748","targetHints":{"allow":["GET"]}}],"collection":[{"href":"https:\/\/tvtecjundiai.com.br\/news\/wp-json\/wp\/v2\/posts"}],"about":[{"href":"https:\/\/tvtecjundiai.com.br\/news\/wp-json\/wp\/v2\/types\/post"}],"author":[{"embeddable":true,"href":"https:\/\/tvtecjundiai.com.br\/news\/wp-json\/wp\/v2\/users\/11"}],"replies":[{"embeddable":true,"href":"https:\/\/tvtecjundiai.com.br\/news\/wp-json\/wp\/v2\/comments?post=17748"}],"version-history":[{"count":2,"href":"https:\/\/tvtecjundiai.com.br\/news\/wp-json\/wp\/v2\/posts\/17748\/revisions"}],"predecessor-version":[{"id":17769,"href":"https:\/\/tvtecjundiai.com.br\/news\/wp-json\/wp\/v2\/posts\/17748\/revisions\/17769"}],"wp:featuredmedia":[{"embeddable":true,"href":"https:\/\/tvtecjundiai.com.br\/news\/wp-json\/wp\/v2\/media\/17627"}],"wp:attachment":[{"href":"https:\/\/tvtecjundiai.com.br\/news\/wp-json\/wp\/v2\/media?parent=17748"}],"wp:term":[{"taxonomy":"category","embeddable":true,"href":"https:\/\/tvtecjundiai.com.br\/news\/wp-json\/wp\/v2\/categories?post=17748"},{"taxonomy":"post_tag","embeddable":true,"href":"https:\/\/tvtecjundiai.com.br\/news\/wp-json\/wp\/v2\/tags?post=17748"}],"curies":[{"name":"wp","href":"https:\/\/api.w.org\/{rel}","templated":true}]}}