{"id":17761,"date":"2018-09-20T09:16:56","date_gmt":"2018-09-20T12:16:56","guid":{"rendered":"https:\/\/tvtecjundiai.com.br\/news\/?p=17761"},"modified":"2018-09-20T09:47:06","modified_gmt":"2018-09-20T12:47:06","slug":"literatura-de-cordel-e-patrimonio-cultural-do-brasil","status":"publish","type":"post","link":"https:\/\/tvtecjundiai.com.br\/news\/2018\/09\/20\/literatura-de-cordel-e-patrimonio-cultural-do-brasil\/","title":{"rendered":"Literatura de cordel \u00e9 Patrim\u00f4nio Cultural do Brasil"},"content":{"rendered":"<p>A Literatura de cordel \u00e9 considerada Patrim\u00f4nio Cultural do Brasil pelo\u00a0Instituto do Patrim\u00f4nio Hist\u00f3rico e Art\u00edstico Nacional (Iphan). A decis\u00e3o foi tomada por unanimidade pelo Conselho Consultivo, que se re\u00fane no Forte de Copacabana, no Rio\u00a0de Janeiro.\u00a0&#8220;Poetas, declamadores, editores, ilustradores, desenhistas, artistas pl\u00e1sticos, xilogravadores, e folheteiros, como s\u00e3o conhecidos os vendedores de livros, j\u00e1 podem comemorar, pois agora a Literatura de Cordel \u00e9 Patrim\u00f4nio Cultural Imaterial Brasileiro&#8221;, anuncia o Iphan.<\/p>\n<div id=\"attachment_17762\" style=\"width: 352px\" class=\"wp-caption alignleft\"><a href=\"https:\/\/tvtecjundiai.com.br\/news\/wp-content\/uploads\/sites\/2\/2018\/09\/download-3.jpg\"><img loading=\"lazy\" decoding=\"async\" aria-describedby=\"caption-attachment-17762\" class=\"wp-image-17762\" src=\"https:\/\/tvtecjundiai.com.br\/news\/wp-content\/uploads\/sites\/2\/2018\/09\/download-3-300x150.jpg\" alt=\"\" width=\"342\" height=\"171\" srcset=\"https:\/\/tvtecjundiai.com.br\/news\/wp-content\/uploads\/sites\/2\/2018\/09\/download-3-300x150.jpg 300w, https:\/\/tvtecjundiai.com.br\/news\/wp-content\/uploads\/sites\/2\/2018\/09\/download-3.jpg 318w\" sizes=\"auto, (max-width: 342px) 100vw, 342px\" \/><\/a><p id=\"caption-attachment-17762\" class=\"wp-caption-text\">A literatura de Cordel foi inserida na cultura brasileira ao final do s\u00e9culo 19<\/p><\/div>\n<p>O g\u00eanero liter\u00e1rio \u00e9 of\u00edcio e meio de sobreviv\u00eancia para in\u00fameros cidad\u00e3os brasileiros. Segundo o instituto, apesar de\u00a0ter\u00a0come\u00e7ado no Norte e no Nordeste do pa\u00eds, o cordel\u00a0hoje\u00a0\u00e9 disseminado por todo o Brasil, principalmente por causa do processo de migra\u00e7\u00e3o de popula\u00e7\u00f5es.<\/p>\n<p>\u00c9 resultado da conex\u00e3o entre as tradi\u00e7\u00f5es orais e escritas presentes na forma\u00e7\u00e3o social brasileira e carrega v\u00ednculos com as culturas africana, ind\u00edgena e europeia e \u00e1rabe. Tem liga\u00e7\u00e3o com as narrativas orais, como contos e hist\u00f3rias; \u00e0 poesia cantada e declamada; e \u00e0 adapta\u00e7\u00e3o para a poesia dos romances em prosa trazidos pelos colonizadores portugueses.<\/p>\n<p>Originalmente, a express\u00e3o literatura de cordel n\u00e3o se refere em um\u00a0sentido estrito a um g\u00eanero liter\u00e1rio espec\u00edfico, mas ao modo como os livros eram expostos ao p\u00fablico, pendurados em barbantes, em uma especie de varal.\u00a0De acordo com o Iphan, os poetas brasileiros no s\u00e9culo 19 conectaram todas essas influ\u00eancias e difundiram um modo particular de fazer poesia que se transformou numa das formas de express\u00e3o mais importantes do Brasil.<\/p>\n<p><em>(Fonte: Ag\u00eancia Brasil)<\/em><\/p>\n","protected":false},"excerpt":{"rendered":"<p>G\u00eanero foi reconhecido pelo IPHAN nesta quarta-feira (19)<\/p>\n","protected":false},"author":11,"featured_media":17763,"comment_status":"closed","ping_status":"closed","sticky":false,"template":"","format":"standard","meta":{"footnotes":""},"categories":[2834,2833,1],"tags":[84,4027,556,4026],"class_list":["post-17761","post","type-post","status-publish","format-standard","has-post-thumbnail","hentry","category-cidades","category-cultura","category-noticias","tag-cultura","tag-literatura-de-cordel","tag-noticias","tag-patrimonio"],"_links":{"self":[{"href":"https:\/\/tvtecjundiai.com.br\/news\/wp-json\/wp\/v2\/posts\/17761","targetHints":{"allow":["GET"]}}],"collection":[{"href":"https:\/\/tvtecjundiai.com.br\/news\/wp-json\/wp\/v2\/posts"}],"about":[{"href":"https:\/\/tvtecjundiai.com.br\/news\/wp-json\/wp\/v2\/types\/post"}],"author":[{"embeddable":true,"href":"https:\/\/tvtecjundiai.com.br\/news\/wp-json\/wp\/v2\/users\/11"}],"replies":[{"embeddable":true,"href":"https:\/\/tvtecjundiai.com.br\/news\/wp-json\/wp\/v2\/comments?post=17761"}],"version-history":[{"count":2,"href":"https:\/\/tvtecjundiai.com.br\/news\/wp-json\/wp\/v2\/posts\/17761\/revisions"}],"predecessor-version":[{"id":17767,"href":"https:\/\/tvtecjundiai.com.br\/news\/wp-json\/wp\/v2\/posts\/17761\/revisions\/17767"}],"wp:featuredmedia":[{"embeddable":true,"href":"https:\/\/tvtecjundiai.com.br\/news\/wp-json\/wp\/v2\/media\/17763"}],"wp:attachment":[{"href":"https:\/\/tvtecjundiai.com.br\/news\/wp-json\/wp\/v2\/media?parent=17761"}],"wp:term":[{"taxonomy":"category","embeddable":true,"href":"https:\/\/tvtecjundiai.com.br\/news\/wp-json\/wp\/v2\/categories?post=17761"},{"taxonomy":"post_tag","embeddable":true,"href":"https:\/\/tvtecjundiai.com.br\/news\/wp-json\/wp\/v2\/tags?post=17761"}],"curies":[{"name":"wp","href":"https:\/\/api.w.org\/{rel}","templated":true}]}}