{"id":17822,"date":"2018-09-21T08:21:15","date_gmt":"2018-09-21T11:21:15","guid":{"rendered":"https:\/\/tvtecjundiai.com.br\/news\/?p=17822"},"modified":"2018-09-21T11:53:06","modified_gmt":"2018-09-21T14:53:06","slug":"caminhada-celebra-dia-mundial-sem-carro-neste-sabado-22","status":"publish","type":"post","link":"https:\/\/tvtecjundiai.com.br\/news\/2018\/09\/21\/caminhada-celebra-dia-mundial-sem-carro-neste-sabado-22\/","title":{"rendered":"Caminhada celebra Dia Mundial sem Carro no s\u00e1bado (22)"},"content":{"rendered":"<p>A Caminhada Via Rio, promovida pela Unidade de Gest\u00e3o\u00a0de Planejamento Urbano e Meio Ambiente (UGPUMA), ser\u00e1 realizada neste s\u00e1bado (22) a fim de sensibilizar a popula\u00e7\u00e3o da presen\u00e7a da natureza e da qualidade de vida que os rios trazem \u00e0 paisagem central de Jundia\u00ed. O percurso compreender\u00e1\u00a0\u00e0s margens do c\u00f3rrego do Mato e dos rios Jundia\u00ed e Guapeva.<\/p>\n<div id=\"attachment_17823\" style=\"width: 363px\" class=\"wp-caption alignright\"><a href=\"https:\/\/tvtecjundiai.com.br\/news\/wp-content\/uploads\/sites\/2\/2018\/09\/nove_de_julho_rio-69.jpg\"><img loading=\"lazy\" decoding=\"async\" aria-describedby=\"caption-attachment-17823\" class=\"wp-image-17823\" src=\"https:\/\/tvtecjundiai.com.br\/news\/wp-content\/uploads\/sites\/2\/2018\/09\/nove_de_julho_rio-69-300x200.jpg\" alt=\"\" width=\"353\" height=\"235\" srcset=\"https:\/\/tvtecjundiai.com.br\/news\/wp-content\/uploads\/sites\/2\/2018\/09\/nove_de_julho_rio-69-300x200.jpg 300w, https:\/\/tvtecjundiai.com.br\/news\/wp-content\/uploads\/sites\/2\/2018\/09\/nove_de_julho_rio-69-768x512.jpg 768w, https:\/\/tvtecjundiai.com.br\/news\/wp-content\/uploads\/sites\/2\/2018\/09\/nove_de_julho_rio-69-1200x801.jpg 1200w, https:\/\/tvtecjundiai.com.br\/news\/wp-content\/uploads\/sites\/2\/2018\/09\/nove_de_julho_rio-69.jpg 1280w\" sizes=\"auto, (max-width: 353px) 100vw, 353px\" \/><\/a><p id=\"caption-attachment-17823\" class=\"wp-caption-text\">Caminhada deste s\u00e1bado (22) ir\u00e1 contornar os rios da regi\u00e3o central<\/p><\/div>\n<p>\u201cJundia\u00ed conta com muitos cursos d\u2019\u00e1gua, entre eles o Rio Jundia\u00ed, o c\u00f3rrego do Mato e o Guapeva, que cortam a cidade e nem sempre ganham a aten\u00e7\u00e3o da popula\u00e7\u00e3o. Esse evento \u00e9 importante para sensibilizar as pessoas sobre a riqueza que existe em plena regi\u00e3o central,\u00a0comenta o gestor da UGPUMA, Sin\u00e9sio Scarabello.<\/p>\n<p>Sin\u00e9sio lembra tamb\u00e9m que o munic\u00edpio conta com qualidade nas \u00e1guas dos rios que a cortam devido a iniciativas realizadas em d\u00e9cadas passadas, para a recupera\u00e7\u00e3o e, consequentemente, retorno da vida nesses ambientes. Foi a primeira cidade da regi\u00e3o a concretizar as obras para a recupera\u00e7\u00e3o da qualidade da \u00e1gua do Rio Jundia\u00ed.<\/p>\n<p>A escolha do dia 22 para o evento Via Rio tamb\u00e9m celebra o Dia Mundial Sem Carro, institu\u00eddo pela primeira vez na Fran\u00e7a em 1997 e tem como objetivo estimular uma reflex\u00e3o sobre o uso excessivo de autom\u00f3veis, o est\u00edmulo \u00e0s formas alternativas de mobilidade e \u00e0s diversas a\u00e7\u00f5es em prol da melhoria do meio ambiente e da qualidade de vida nas cidades.<\/p>\n<p><em>(Fonte e Imagem: Prefeitura de Jundia\u00ed)<\/em><\/p>\n","protected":false},"excerpt":{"rendered":"<p>Evento compreender\u00e1 margens do c\u00f3rrego do Mato e rios Jundia\u00ed e Guapeva<\/p>\n","protected":false},"author":11,"featured_media":17823,"comment_status":"closed","ping_status":"closed","sticky":false,"template":"","format":"standard","meta":{"footnotes":""},"categories":[2834,29,1],"tags":[2112,563,556],"class_list":["post-17822","post","type-post","status-publish","format-standard","has-post-thumbnail","hentry","category-cidades","category-destaque","category-noticias","tag-cidades","tag-meio-ambiente","tag-noticias"],"_links":{"self":[{"href":"https:\/\/tvtecjundiai.com.br\/news\/wp-json\/wp\/v2\/posts\/17822","targetHints":{"allow":["GET"]}}],"collection":[{"href":"https:\/\/tvtecjundiai.com.br\/news\/wp-json\/wp\/v2\/posts"}],"about":[{"href":"https:\/\/tvtecjundiai.com.br\/news\/wp-json\/wp\/v2\/types\/post"}],"author":[{"embeddable":true,"href":"https:\/\/tvtecjundiai.com.br\/news\/wp-json\/wp\/v2\/users\/11"}],"replies":[{"embeddable":true,"href":"https:\/\/tvtecjundiai.com.br\/news\/wp-json\/wp\/v2\/comments?post=17822"}],"version-history":[{"count":5,"href":"https:\/\/tvtecjundiai.com.br\/news\/wp-json\/wp\/v2\/posts\/17822\/revisions"}],"predecessor-version":[{"id":17853,"href":"https:\/\/tvtecjundiai.com.br\/news\/wp-json\/wp\/v2\/posts\/17822\/revisions\/17853"}],"wp:featuredmedia":[{"embeddable":true,"href":"https:\/\/tvtecjundiai.com.br\/news\/wp-json\/wp\/v2\/media\/17823"}],"wp:attachment":[{"href":"https:\/\/tvtecjundiai.com.br\/news\/wp-json\/wp\/v2\/media?parent=17822"}],"wp:term":[{"taxonomy":"category","embeddable":true,"href":"https:\/\/tvtecjundiai.com.br\/news\/wp-json\/wp\/v2\/categories?post=17822"},{"taxonomy":"post_tag","embeddable":true,"href":"https:\/\/tvtecjundiai.com.br\/news\/wp-json\/wp\/v2\/tags?post=17822"}],"curies":[{"name":"wp","href":"https:\/\/api.w.org\/{rel}","templated":true}]}}