{"id":17829,"date":"2018-09-21T09:45:32","date_gmt":"2018-09-21T12:45:32","guid":{"rendered":"https:\/\/tvtecjundiai.com.br\/news\/?p=17829"},"modified":"2018-09-21T09:45:32","modified_gmt":"2018-09-21T12:45:32","slug":"novo-horizonte-recebe-esclarecimentos-sobre-saude","status":"publish","type":"post","link":"https:\/\/tvtecjundiai.com.br\/news\/2018\/09\/21\/novo-horizonte-recebe-esclarecimentos-sobre-saude\/","title":{"rendered":"Novo Horizonte recebe esclarecimentos sobre sa\u00fade"},"content":{"rendered":"<p>Em reuni\u00e3o organizada\u00a0pela Rede Socioassistencial Jardim Novo Horizonte, no Centro Comunit\u00e1rio S\u00e3o Francisco de Assis, no Parque Almerinda Chaves, nesta quinta-feira (20), o prefeito de Jundia\u00ed Luiz Fernando Machado\u00a0detalhou o novo modelo de atendimento em Sa\u00fade que ser\u00e1 prestado naquela regi\u00e3o, a partir da inaugura\u00e7\u00e3o dos servi\u00e7os da Unidade de Pronto Atendimento (UPA) e da Cl\u00ednica da Fam\u00edlia.<\/p>\n<div id=\"attachment_17833\" style=\"width: 310px\" class=\"wp-caption alignleft\"><a href=\"https:\/\/tvtecjundiai.com.br\/news\/wp-content\/uploads\/sites\/2\/2018\/09\/reuniao-saude-e-prefeito-com-rede-novo-horizonte_c_-46.jpg\"><img loading=\"lazy\" decoding=\"async\" aria-describedby=\"caption-attachment-17833\" class=\"wp-image-17833 size-medium\" src=\"https:\/\/tvtecjundiai.com.br\/news\/wp-content\/uploads\/sites\/2\/2018\/09\/reuniao-saude-e-prefeito-com-rede-novo-horizonte_c_-46-300x200.jpg\" alt=\"\" width=\"300\" height=\"200\" srcset=\"https:\/\/tvtecjundiai.com.br\/news\/wp-content\/uploads\/sites\/2\/2018\/09\/reuniao-saude-e-prefeito-com-rede-novo-horizonte_c_-46-300x200.jpg 300w, https:\/\/tvtecjundiai.com.br\/news\/wp-content\/uploads\/sites\/2\/2018\/09\/reuniao-saude-e-prefeito-com-rede-novo-horizonte_c_-46-768x512.jpg 768w, https:\/\/tvtecjundiai.com.br\/news\/wp-content\/uploads\/sites\/2\/2018\/09\/reuniao-saude-e-prefeito-com-rede-novo-horizonte_c_-46-1200x800.jpg 1200w, https:\/\/tvtecjundiai.com.br\/news\/wp-content\/uploads\/sites\/2\/2018\/09\/reuniao-saude-e-prefeito-com-rede-novo-horizonte_c_-46.jpg 1280w\" sizes=\"auto, (max-width: 300px) 100vw, 300px\" \/><\/a><p id=\"caption-attachment-17833\" class=\"wp-caption-text\">Luiz Fernando conversou com representantes da Rede do Novo Horizonte<\/p><\/div>\n<p>\u201cEstamos investindo o dobro para o funcionamento da Cl\u00ednica da Fam\u00edlia. N\u00e3o estamos fechando uma UBS. Vamos dobrar o servi\u00e7o que \u00e9 oferecido hoje, passando de quatro equipes para oito, com resolutividade por contar com exames no pr\u00f3prio local\u201d, explica o prefeito.<\/p>\n<p>O gestor de sa\u00fade, Tiago Texera,\u00a0esclareceu as d\u00favidas dos representantes presentes na reuni\u00e3o.\u00a0\u201cPassaremos de 2,1 mil consultas por m\u00eas para 5.120 consultas somente na Cl\u00ednica da Fam\u00edlia. \u00c9 um modelo assistencial que, depois de implantado, o restante da cidade ir\u00e1 querer ter. Ser\u00e3o 200 horas m\u00e9dicas por semana com m\u00e9dico da fam\u00edlia, dentista, t\u00e9cnico de enfermagem, enfermeira e agentes, que cuidar\u00e3o da popula\u00e7\u00e3o referenciada, totalizando 40 mil vidas\u201d, argumenta.<\/p>\n<p>Para a diretora e primeira secret\u00e1ria da C\u00e1ritas Diocesana, Maria Rosangela Moretti, os encontros com os gestores auxiliam nas discuss\u00f5es geradas pela rede. \u201cA tem\u00e1tica Sa\u00fade surgiu no encontro passado, exatamente para pontuar como ser\u00e1 o funcionamento do servi\u00e7o com base nas caracter\u00edsticas da comunidade. Esse contato \u00e9 importante, assim como a participa\u00e7\u00e3o permanente de representantes de servi\u00e7os e \u00f3rg\u00e3os municipais para as nossas discuss\u00f5es\u201d, detalha.<\/p>\n<p><em>(Fonte e Imagem: Prefeitura de Jundia\u00ed)<\/em><\/p>\n","protected":false},"excerpt":{"rendered":"<p>Prefeitos e gestores da administra\u00e7\u00e3o municipal tamb\u00e9m estiveram presentes <\/p>\n","protected":false},"author":11,"featured_media":17833,"comment_status":"closed","ping_status":"closed","sticky":false,"template":"","format":"standard","meta":{"footnotes":""},"categories":[2834,1],"tags":[2112,129,556,6],"class_list":["post-17829","post","type-post","status-publish","format-standard","has-post-thumbnail","hentry","category-cidades","category-noticias","tag-cidades","tag-jardim-novo-horizonte","tag-noticias","tag-saude"],"_links":{"self":[{"href":"https:\/\/tvtecjundiai.com.br\/news\/wp-json\/wp\/v2\/posts\/17829","targetHints":{"allow":["GET"]}}],"collection":[{"href":"https:\/\/tvtecjundiai.com.br\/news\/wp-json\/wp\/v2\/posts"}],"about":[{"href":"https:\/\/tvtecjundiai.com.br\/news\/wp-json\/wp\/v2\/types\/post"}],"author":[{"embeddable":true,"href":"https:\/\/tvtecjundiai.com.br\/news\/wp-json\/wp\/v2\/users\/11"}],"replies":[{"embeddable":true,"href":"https:\/\/tvtecjundiai.com.br\/news\/wp-json\/wp\/v2\/comments?post=17829"}],"version-history":[{"count":1,"href":"https:\/\/tvtecjundiai.com.br\/news\/wp-json\/wp\/v2\/posts\/17829\/revisions"}],"predecessor-version":[{"id":17834,"href":"https:\/\/tvtecjundiai.com.br\/news\/wp-json\/wp\/v2\/posts\/17829\/revisions\/17834"}],"wp:featuredmedia":[{"embeddable":true,"href":"https:\/\/tvtecjundiai.com.br\/news\/wp-json\/wp\/v2\/media\/17833"}],"wp:attachment":[{"href":"https:\/\/tvtecjundiai.com.br\/news\/wp-json\/wp\/v2\/media?parent=17829"}],"wp:term":[{"taxonomy":"category","embeddable":true,"href":"https:\/\/tvtecjundiai.com.br\/news\/wp-json\/wp\/v2\/categories?post=17829"},{"taxonomy":"post_tag","embeddable":true,"href":"https:\/\/tvtecjundiai.com.br\/news\/wp-json\/wp\/v2\/tags?post=17829"}],"curies":[{"name":"wp","href":"https:\/\/api.w.org\/{rel}","templated":true}]}}