{"id":17865,"date":"2018-09-24T08:10:05","date_gmt":"2018-09-24T11:10:05","guid":{"rendered":"https:\/\/tvtecjundiai.com.br\/news\/?p=17865"},"modified":"2018-09-24T10:04:57","modified_gmt":"2018-09-24T13:04:57","slug":"coleta-seletiva-em-jundiai-tem-alta-neste-ano","status":"publish","type":"post","link":"https:\/\/tvtecjundiai.com.br\/news\/2018\/09\/24\/coleta-seletiva-em-jundiai-tem-alta-neste-ano\/","title":{"rendered":"Coleta Seletiva em Jundia\u00ed tem alta neste ano"},"content":{"rendered":"<div id=\"attachment_17866\" style=\"width: 310px\" class=\"wp-caption alignleft\"><a href=\"https:\/\/tvtecjundiai.com.br\/news\/wp-content\/uploads\/sites\/2\/2018\/09\/geresol-27.jpg\"><img loading=\"lazy\" decoding=\"async\" aria-describedby=\"caption-attachment-17866\" class=\"wp-image-17866 size-medium\" src=\"https:\/\/tvtecjundiai.com.br\/news\/wp-content\/uploads\/sites\/2\/2018\/09\/geresol-27-300x230.jpg\" alt=\"\" width=\"300\" height=\"230\" srcset=\"https:\/\/tvtecjundiai.com.br\/news\/wp-content\/uploads\/sites\/2\/2018\/09\/geresol-27-300x230.jpg 300w, https:\/\/tvtecjundiai.com.br\/news\/wp-content\/uploads\/sites\/2\/2018\/09\/geresol-27-768x589.jpg 768w, https:\/\/tvtecjundiai.com.br\/news\/wp-content\/uploads\/sites\/2\/2018\/09\/geresol-27-1200x921.jpg 1200w, https:\/\/tvtecjundiai.com.br\/news\/wp-content\/uploads\/sites\/2\/2018\/09\/geresol-27.jpg 1280w\" sizes=\"auto, (max-width: 300px) 100vw, 300px\" \/><\/a><p id=\"caption-attachment-17866\" class=\"wp-caption-text\">Os res\u00edduos coletados s\u00e3o destinados ao Centro de Gerenciamento de Res\u00edduos S\u00f3lidos (Geresol)<\/p><\/div>\n<p>A coleta seletiva registrou aumento de 10% nas m\u00e9dias de res\u00edduos coletados este ano em Jundia\u00ed, na compara\u00e7\u00e3o com as do ano passado.\u00a0Em 2017, a m\u00e9dia mensal foi de 650 toneladas de recicl\u00e1veis, ante m\u00e9dia de 700 toneladas este ano. Todo o material coletado \u00e9 levado para o Centro de Gerenciamento de Res\u00edduos S\u00f3lidos (Geresol). Os dados foram divulgados pela Unidade de Gest\u00e3o de Infraestrutura e Servi\u00e7os P\u00fablicos (UGISP).<\/p>\n<p>O diretor de Limpeza P\u00fablica, M\u00e1rcio Moraes, explica que o volume coletado est\u00e1 ligado diretamente \u00e0 economia em geral e ao consumo das fam\u00edlias. \u201cNos picos de consumo, registrados nos meses de dezembro e janeiro, h\u00e1 um aumento substancial na coleta\u201d, aponta.<\/p>\n<p>Os dados de Jundia\u00ed s\u00e3o positivos, comparados ao cen\u00e1rio nacional. Segundo um recente estudo da Associa\u00e7\u00e3o Brasileira de Empresas de Limpeza P\u00fablica e Res\u00edduos Especiais, a coleta seletiva em Munic\u00edpios brasileiros n\u00e3o avan\u00e7ou nos \u00faltimos tempos. Em 2016, segundo o estudo, em 1.692 cidades do pa\u00eds n\u00e3o havia sequer uma iniciativa nessa \u00e1rea. J\u00e1 em 2017, esse n\u00famero caiu para 1.647. Mas, na regi\u00e3o Centro-Oeste, por exemplo, a maior parte das cidades (55,2%) n\u00e3o tem nenhum tipo de seletiva.<\/p>\n<p>\u201cO sistema contempla 100% da cidade. A coleta acontece duas vezes por semana em cada bairro, atrav\u00e9s de um caminh\u00e3o ba\u00fa, que encaminha tudo para o Geresol. O cronograma pode ser conferido no\u00a0<a href=\"https:\/\/jundiai.sp.gov.br\/infraestrutura-e-servicos-publicos\/limpeza-publica\/coleta-organica-seletiva-e-cata-treco\/\" target=\"_blank\" rel=\"noopener\"><strong>site da Prefeitura<\/strong><\/a>\u201d, detalha o diretor.<\/p>\n<p><em>(Fonte e imagem: Prefeitura de Jundia\u00ed)<\/em><\/p>\n","protected":false},"excerpt":{"rendered":"<p>Dados s\u00e3o da Unidade de Gest\u00e3o de Infraestrutura e Servi\u00e7os P\u00fablicos <\/p>\n","protected":false},"author":11,"featured_media":17866,"comment_status":"closed","ping_status":"closed","sticky":false,"template":"","format":"standard","meta":{"footnotes":""},"categories":[2834,3569,1],"tags":[2112,4035,563,556,487],"class_list":["post-17865","post","type-post","status-publish","format-standard","has-post-thumbnail","hentry","category-cidades","category-meio-ambiente","category-noticias","tag-cidades","tag-coleta-seletiva","tag-meio-ambiente","tag-noticias","tag-ugisp"],"_links":{"self":[{"href":"https:\/\/tvtecjundiai.com.br\/news\/wp-json\/wp\/v2\/posts\/17865","targetHints":{"allow":["GET"]}}],"collection":[{"href":"https:\/\/tvtecjundiai.com.br\/news\/wp-json\/wp\/v2\/posts"}],"about":[{"href":"https:\/\/tvtecjundiai.com.br\/news\/wp-json\/wp\/v2\/types\/post"}],"author":[{"embeddable":true,"href":"https:\/\/tvtecjundiai.com.br\/news\/wp-json\/wp\/v2\/users\/11"}],"replies":[{"embeddable":true,"href":"https:\/\/tvtecjundiai.com.br\/news\/wp-json\/wp\/v2\/comments?post=17865"}],"version-history":[{"count":4,"href":"https:\/\/tvtecjundiai.com.br\/news\/wp-json\/wp\/v2\/posts\/17865\/revisions"}],"predecessor-version":[{"id":17894,"href":"https:\/\/tvtecjundiai.com.br\/news\/wp-json\/wp\/v2\/posts\/17865\/revisions\/17894"}],"wp:featuredmedia":[{"embeddable":true,"href":"https:\/\/tvtecjundiai.com.br\/news\/wp-json\/wp\/v2\/media\/17866"}],"wp:attachment":[{"href":"https:\/\/tvtecjundiai.com.br\/news\/wp-json\/wp\/v2\/media?parent=17865"}],"wp:term":[{"taxonomy":"category","embeddable":true,"href":"https:\/\/tvtecjundiai.com.br\/news\/wp-json\/wp\/v2\/categories?post=17865"},{"taxonomy":"post_tag","embeddable":true,"href":"https:\/\/tvtecjundiai.com.br\/news\/wp-json\/wp\/v2\/tags?post=17865"}],"curies":[{"name":"wp","href":"https:\/\/api.w.org\/{rel}","templated":true}]}}