{"id":17896,"date":"2018-09-24T10:33:53","date_gmt":"2018-09-24T13:33:53","guid":{"rendered":"https:\/\/tvtecjundiai.com.br\/news\/?p=17896"},"modified":"2018-09-25T16:02:46","modified_gmt":"2018-09-25T19:02:46","slug":"tv-tec-participa-da-8a-edicao-da-feira-educando","status":"publish","type":"post","link":"https:\/\/tvtecjundiai.com.br\/news\/2018\/09\/24\/tv-tec-participa-da-8a-edicao-da-feira-educando\/","title":{"rendered":"TVTEC participa da 8\u00aa edi\u00e7\u00e3o da Feira Educando"},"content":{"rendered":"<p>A TVTEC,\u00a0primeira escola de televis\u00e3o e produ\u00e7\u00e3o audiovisual p\u00fablica-municipal, participar\u00e1 da 8\u00aa edi\u00e7\u00e3o da Feira Educando, entre os dias 28 e 30 de setembro, no Maxi Shopping Jundia\u00ed.\u00a0A entrada \u00e9 gratuita e os visitantes ter\u00e3o acesso tamb\u00e9m a uma\u00a0 programa\u00e7\u00e3o com palestras e atividades como oficinas, aulas abertas e apresenta\u00e7\u00f5es das institui\u00e7\u00f5es participantes.<\/p>\n<div id=\"attachment_17897\" style=\"width: 360px\" class=\"wp-caption alignleft\"><a href=\"https:\/\/tvtecjundiai.com.br\/news\/wp-content\/uploads\/sites\/2\/2018\/09\/feira-educando-3.jpg\"><img loading=\"lazy\" decoding=\"async\" aria-describedby=\"caption-attachment-17897\" class=\"wp-image-17897\" src=\"https:\/\/tvtecjundiai.com.br\/news\/wp-content\/uploads\/sites\/2\/2018\/09\/feira-educando-3-300x174.jpg\" alt=\"\" width=\"350\" height=\"203\" srcset=\"https:\/\/tvtecjundiai.com.br\/news\/wp-content\/uploads\/sites\/2\/2018\/09\/feira-educando-3-300x174.jpg 300w, https:\/\/tvtecjundiai.com.br\/news\/wp-content\/uploads\/sites\/2\/2018\/09\/feira-educando-3-768x445.jpg 768w, https:\/\/tvtecjundiai.com.br\/news\/wp-content\/uploads\/sites\/2\/2018\/09\/feira-educando-3.jpg 819w\" sizes=\"auto, (max-width: 350px) 100vw, 350px\" \/><\/a><p id=\"caption-attachment-17897\" class=\"wp-caption-text\">Evento ser\u00e1 realizado no Maxi Shopping Jundia\u00ed, no piso G3<\/p><\/div>\n<p>No evento, estar\u00e3o presentes 40 institui\u00e7\u00f5es de ensino, em conjunto com diversos segmentos\u00a0do mercado educacional como escolas de Educa\u00e7\u00e3o Infantil, Ensino Fundamental, Ensino M\u00e9dio, escolas t\u00e9cnicas, faculdades, universidades, institui\u00e7\u00f5es que oferecem Ensino \u00e0 Dist\u00e2ncia (EAD), cursos profissionalizantes, interc\u00e2mbio estudantil, escolas de idiomas, inform\u00e1tica, editoras, entre outros.<\/p>\n<p>Durante os tr\u00eas dias de feira os alunos, professores e profissionais da educa\u00e7\u00e3o ter\u00e3o a oportunidade tamb\u00e9m de participarem\u00a0de palestras, oficinas e atividades com o objetivo de gerar conhecimento, esclarecer d\u00favidas e promover a troca de experi\u00eancias. Mercado de trabalho, interc\u00e2mbio cultural, profiss\u00f5es, cursos profissionalizantes, intelig\u00eancia emocional, Programa \u2018Au Pair\u2019, programas acad\u00eamicos internacionais estar\u00e3o entre os temas abordados pelos palestrantes.<\/p>\n<p>Para participar basta se inscrever pelo <a href=\"https:\/\/www.feiradeeducacao.com.br\/\" target=\"_blank\" rel=\"noopener\">site<\/a>\u00a0onde tamb\u00e9m pode ser acessada a programa\u00e7\u00e3o completa das palestras e atividades.<\/p>\n","protected":false},"excerpt":{"rendered":"<p>Evento ter\u00e1 in\u00edcio nesta sexta (28), a partir das 15 horas <\/p>\n","protected":false},"author":11,"featured_media":17897,"comment_status":"closed","ping_status":"closed","sticky":false,"template":"","format":"standard","meta":{"footnotes":""},"categories":[2834,2828,1],"tags":[2112,21,4037,556],"class_list":["post-17896","post","type-post","status-publish","format-standard","has-post-thumbnail","hentry","category-cidades","category-educacao","category-noticias","tag-cidades","tag-educacao","tag-feira-educando","tag-noticias"],"_links":{"self":[{"href":"https:\/\/tvtecjundiai.com.br\/news\/wp-json\/wp\/v2\/posts\/17896","targetHints":{"allow":["GET"]}}],"collection":[{"href":"https:\/\/tvtecjundiai.com.br\/news\/wp-json\/wp\/v2\/posts"}],"about":[{"href":"https:\/\/tvtecjundiai.com.br\/news\/wp-json\/wp\/v2\/types\/post"}],"author":[{"embeddable":true,"href":"https:\/\/tvtecjundiai.com.br\/news\/wp-json\/wp\/v2\/users\/11"}],"replies":[{"embeddable":true,"href":"https:\/\/tvtecjundiai.com.br\/news\/wp-json\/wp\/v2\/comments?post=17896"}],"version-history":[{"count":5,"href":"https:\/\/tvtecjundiai.com.br\/news\/wp-json\/wp\/v2\/posts\/17896\/revisions"}],"predecessor-version":[{"id":18005,"href":"https:\/\/tvtecjundiai.com.br\/news\/wp-json\/wp\/v2\/posts\/17896\/revisions\/18005"}],"wp:featuredmedia":[{"embeddable":true,"href":"https:\/\/tvtecjundiai.com.br\/news\/wp-json\/wp\/v2\/media\/17897"}],"wp:attachment":[{"href":"https:\/\/tvtecjundiai.com.br\/news\/wp-json\/wp\/v2\/media?parent=17896"}],"wp:term":[{"taxonomy":"category","embeddable":true,"href":"https:\/\/tvtecjundiai.com.br\/news\/wp-json\/wp\/v2\/categories?post=17896"},{"taxonomy":"post_tag","embeddable":true,"href":"https:\/\/tvtecjundiai.com.br\/news\/wp-json\/wp\/v2\/tags?post=17896"}],"curies":[{"name":"wp","href":"https:\/\/api.w.org\/{rel}","templated":true}]}}