{"id":1794,"date":"2017-10-17T14:07:33","date_gmt":"2017-10-17T16:07:33","guid":{"rendered":"https:\/\/tvtecjundiai.com.br\/news\/?p=1794"},"modified":"2017-10-17T14:07:33","modified_gmt":"2017-10-17T16:07:33","slug":"economia-fgv-anuncia-alta-de-151-nas-exportacoes-de-setembro","status":"publish","type":"post","link":"https:\/\/tvtecjundiai.com.br\/news\/2017\/10\/17\/economia-fgv-anuncia-alta-de-151-nas-exportacoes-de-setembro\/","title":{"rendered":"Economia: FGV anuncia alta de 15,1% nas exporta\u00e7\u00f5es de setembro"},"content":{"rendered":"<p>As exporta\u00e7\u00f5es brasileiras tiveram um crescimento de 15,1% em setembro, na compara\u00e7\u00e3o com o mesmo per\u00edodo do ano passado. J\u00e1 as importa\u00e7\u00f5es cresceram 18% no per\u00edodo. As informa\u00e7\u00f5es do Indicador do Com\u00e9rcio Exterior (Icomex) foram divulgadas nesta ter\u00e7a-feira (17) pela Funda\u00e7\u00e3o Getulio Vargas (FGV), no Rio de Janeiro. Entre as tr\u00eas atividades econ\u00f4micas pesquisadas, a principal alta no volume exportado entre setembro de 2016 e setembro deste ano foi observada na agropecu\u00e1ria (94,5%). As exporta\u00e7\u00f5es da ind\u00fastria extrativa cresceram 7,3% e as da ind\u00fastria da transforma\u00e7\u00e3o tiveram aumento de 5,3%.<\/p>\n<p>Dentro da ind\u00fastria da transforma\u00e7\u00e3o, apenas os bens de capital tiveram queda no volume exportado (11,6%). Entre as outras quatro categorias de uso, os bens de consumo dur\u00e1veis foram os que tiveram maior alta nas exporta\u00e7\u00f5es (27,2%), seguidos pelos bens de consumo semidur\u00e1veis (10%), pelos bens intermedi\u00e1rios (9,5%) e pelos bens de consumo n\u00e3o dur\u00e1veis (5,5%). J\u00e1 os pre\u00e7os dos produtos exportados cresceram 2,7%, enquanto os pre\u00e7os dos importados ca\u00edram 1,5% entre setembro de 2016 e setembro deste ano.<\/p>\n<p><strong><em>Fonte: Ag\u00eancia Brasil<\/em><\/strong><\/p>\n","protected":false},"excerpt":{"rendered":"<p>O Indicador do Com\u00e9rcio Exterior (Icomex) foi divulgado nesta ter\u00e7a (17) pela FGV)<\/p>\n","protected":false},"author":8,"featured_media":1797,"comment_status":"closed","ping_status":"closed","sticky":false,"template":"","format":"standard","meta":{"footnotes":""},"categories":[1],"tags":[981,983,515,982,389],"class_list":["post-1794","post","type-post","status-publish","format-standard","has-post-thumbnail","hentry","category-noticias","tag-exportacoes","tag-fgv","tag-fundacao-getulio-vargas","tag-icomex","tag-setembro"],"_links":{"self":[{"href":"https:\/\/tvtecjundiai.com.br\/news\/wp-json\/wp\/v2\/posts\/1794","targetHints":{"allow":["GET"]}}],"collection":[{"href":"https:\/\/tvtecjundiai.com.br\/news\/wp-json\/wp\/v2\/posts"}],"about":[{"href":"https:\/\/tvtecjundiai.com.br\/news\/wp-json\/wp\/v2\/types\/post"}],"author":[{"embeddable":true,"href":"https:\/\/tvtecjundiai.com.br\/news\/wp-json\/wp\/v2\/users\/8"}],"replies":[{"embeddable":true,"href":"https:\/\/tvtecjundiai.com.br\/news\/wp-json\/wp\/v2\/comments?post=1794"}],"version-history":[{"count":1,"href":"https:\/\/tvtecjundiai.com.br\/news\/wp-json\/wp\/v2\/posts\/1794\/revisions"}],"predecessor-version":[{"id":1798,"href":"https:\/\/tvtecjundiai.com.br\/news\/wp-json\/wp\/v2\/posts\/1794\/revisions\/1798"}],"wp:featuredmedia":[{"embeddable":true,"href":"https:\/\/tvtecjundiai.com.br\/news\/wp-json\/wp\/v2\/media\/1797"}],"wp:attachment":[{"href":"https:\/\/tvtecjundiai.com.br\/news\/wp-json\/wp\/v2\/media?parent=1794"}],"wp:term":[{"taxonomy":"category","embeddable":true,"href":"https:\/\/tvtecjundiai.com.br\/news\/wp-json\/wp\/v2\/categories?post=1794"},{"taxonomy":"post_tag","embeddable":true,"href":"https:\/\/tvtecjundiai.com.br\/news\/wp-json\/wp\/v2\/tags?post=1794"}],"curies":[{"name":"wp","href":"https:\/\/api.w.org\/{rel}","templated":true}]}}