{"id":17942,"date":"2018-09-25T08:13:45","date_gmt":"2018-09-25T11:13:45","guid":{"rendered":"https:\/\/tvtecjundiai.com.br\/news\/?p=17942"},"modified":"2018-09-25T10:07:17","modified_gmt":"2018-09-25T13:07:17","slug":"emebs-tem-aulas-sobre-guarda-responsavel","status":"publish","type":"post","link":"https:\/\/tvtecjundiai.com.br\/news\/2018\/09\/25\/emebs-tem-aulas-sobre-guarda-responsavel\/","title":{"rendered":"Emebs t\u00eam aulas sobre guarda respons\u00e1vel"},"content":{"rendered":"<p>As Escolas Municipais de Educa\u00e7\u00e3o B\u00e1sica (Emebs) recebem aulas, ministradas pelo\u00a0Departamento de Bem-Estar Animal (Debea), sobre ado\u00e7\u00e3o respons\u00e1vel.\u00a0 Nesta segunda-feira (24), os alunos da\u00a0Emeb Antonino Messina puderam tomar conhecimento sobre os cuidados necess\u00e1rios para animais de estima\u00e7\u00e3o. No ano passado, as atividades atingiram\u00a01,1 mil alunos. A meta do Debea \u00e9 ampliar em\u00a054% o n\u00famero de alunos envolvidos na atividade.<\/p>\n<div id=\"attachment_17943\" style=\"width: 360px\" class=\"wp-caption alignright\"><a href=\"https:\/\/tvtecjundiai.com.br\/news\/wp-content\/uploads\/sites\/2\/2018\/09\/guarda_responsavel_emeb_antonio_messina-5.jpg\"><img loading=\"lazy\" decoding=\"async\" aria-describedby=\"caption-attachment-17943\" class=\"wp-image-17943\" src=\"https:\/\/tvtecjundiai.com.br\/news\/wp-content\/uploads\/sites\/2\/2018\/09\/guarda_responsavel_emeb_antonio_messina-5-300x200.jpg\" alt=\"\" width=\"350\" height=\"233\" srcset=\"https:\/\/tvtecjundiai.com.br\/news\/wp-content\/uploads\/sites\/2\/2018\/09\/guarda_responsavel_emeb_antonio_messina-5-300x200.jpg 300w, https:\/\/tvtecjundiai.com.br\/news\/wp-content\/uploads\/sites\/2\/2018\/09\/guarda_responsavel_emeb_antonio_messina-5-768x512.jpg 768w, https:\/\/tvtecjundiai.com.br\/news\/wp-content\/uploads\/sites\/2\/2018\/09\/guarda_responsavel_emeb_antonio_messina-5-1200x800.jpg 1200w, https:\/\/tvtecjundiai.com.br\/news\/wp-content\/uploads\/sites\/2\/2018\/09\/guarda_responsavel_emeb_antonio_messina-5.jpg 1280w\" sizes=\"auto, (max-width: 350px) 100vw, 350px\" \/><\/a><p id=\"caption-attachment-17943\" class=\"wp-caption-text\">As explica\u00e7\u00f5es, feitas de maneira l\u00fadica, s\u00e3o realizadas por uma veterin\u00e1ria com aux\u00edlio de uma pel\u00facia<\/p><\/div>\n<p>A amplia\u00e7\u00e3o das atividades tem por objetivo criar gera\u00e7\u00f5es comprometidas com o bem-estar dos animais. \u201cCada turma recebe duas aulas, sendo uma com explica\u00e7\u00f5es em v\u00eddeo e outra com o apoio de c\u00e3o de pel\u00facia fazendo o papel do pet. As crian\u00e7as participam como veterin\u00e1rios, cuidando de cachorro de pel\u00facia que acaba de ser adotado por uma fam\u00edlia e chega \u00e0 casa com pulga, carrapato, bicheira, vermes, baixo peso, n\u00e3o castrado e n\u00e3o vacinado\u201d, explica a veterin\u00e1ria\u00a0Carolina Ballarini Zetun.<\/p>\n<p>De acordo com o a coordenadora pedag\u00f3gica da unidade, Ta\u00eds Vieira, cerca de 55 alunos passaram pelas duas aulas oferecidas pela equipe do DEBEA. \u201cAgora vamos trabalhar o tema na escola. As crian\u00e7as que participaram transmitir\u00e3o o conhecimento \u00e0s demais. \u00c9 uma forma de educar com participa\u00e7\u00e3o.<\/p>\n<p>Pedro de Campos Gasparini n\u00e3o tem animal de estima\u00e7\u00e3o em casa por falta de espa\u00e7o e por exig\u00eancia do condom\u00ednio onde mora, mas reconhece todos os cuidados necess\u00e1rios que c\u00e3es e gatos devem ter.\u00a0Os animais precisam de carinho, de brincadeiras, de veterin\u00e1rio, de banho e rem\u00e9dios para quando estiverem doentes\u201d, conta o menino.<\/p>\n<p><em>(Fonte e Imagem: Prefeitura de Jundia\u00ed)<\/em><\/p>\n","protected":false},"excerpt":{"rendered":"<p>Mais de mil alunos j\u00e1 receberam orienta\u00e7\u00f5es sobre bem estar animal <\/p>\n","protected":false},"author":11,"featured_media":17944,"comment_status":"closed","ping_status":"closed","sticky":false,"template":"","format":"standard","meta":{"footnotes":""},"categories":[2834,2828,1,2824],"tags":[2112,985,21,556],"class_list":["post-17942","post","type-post","status-publish","format-standard","has-post-thumbnail","hentry","category-cidades","category-educacao","category-noticias","category-variedades","tag-cidades","tag-debea","tag-educacao","tag-noticias"],"_links":{"self":[{"href":"https:\/\/tvtecjundiai.com.br\/news\/wp-json\/wp\/v2\/posts\/17942","targetHints":{"allow":["GET"]}}],"collection":[{"href":"https:\/\/tvtecjundiai.com.br\/news\/wp-json\/wp\/v2\/posts"}],"about":[{"href":"https:\/\/tvtecjundiai.com.br\/news\/wp-json\/wp\/v2\/types\/post"}],"author":[{"embeddable":true,"href":"https:\/\/tvtecjundiai.com.br\/news\/wp-json\/wp\/v2\/users\/11"}],"replies":[{"embeddable":true,"href":"https:\/\/tvtecjundiai.com.br\/news\/wp-json\/wp\/v2\/comments?post=17942"}],"version-history":[{"count":3,"href":"https:\/\/tvtecjundiai.com.br\/news\/wp-json\/wp\/v2\/posts\/17942\/revisions"}],"predecessor-version":[{"id":17964,"href":"https:\/\/tvtecjundiai.com.br\/news\/wp-json\/wp\/v2\/posts\/17942\/revisions\/17964"}],"wp:featuredmedia":[{"embeddable":true,"href":"https:\/\/tvtecjundiai.com.br\/news\/wp-json\/wp\/v2\/media\/17944"}],"wp:attachment":[{"href":"https:\/\/tvtecjundiai.com.br\/news\/wp-json\/wp\/v2\/media?parent=17942"}],"wp:term":[{"taxonomy":"category","embeddable":true,"href":"https:\/\/tvtecjundiai.com.br\/news\/wp-json\/wp\/v2\/categories?post=17942"},{"taxonomy":"post_tag","embeddable":true,"href":"https:\/\/tvtecjundiai.com.br\/news\/wp-json\/wp\/v2\/tags?post=17942"}],"curies":[{"name":"wp","href":"https:\/\/api.w.org\/{rel}","templated":true}]}}