{"id":18069,"date":"2018-09-27T07:57:05","date_gmt":"2018-09-27T10:57:05","guid":{"rendered":"https:\/\/tvtecjundiai.com.br\/news\/?p=18069"},"modified":"2018-09-27T07:57:05","modified_gmt":"2018-09-27T10:57:05","slug":"idosos-participam-de-oficina-da-memoria-em-ubs","status":"publish","type":"post","link":"https:\/\/tvtecjundiai.com.br\/news\/2018\/09\/27\/idosos-participam-de-oficina-da-memoria-em-ubs\/","title":{"rendered":"Idosos participam de \u2018Oficina da Mem\u00f3ria\u2019 em UBS"},"content":{"rendered":"<p>Em comemora\u00e7\u00e3o a Semana do Idoso, a Unidade B\u00e1sica de Sa\u00fade (UBS) Agapeama realizou\u00a0uma oficina dedicada ao cuidado com a mem\u00f3ria nesta quarta-feira (26).\u00a0Al\u00e9m das explica\u00e7\u00f5es sobre as doen\u00e7as que acometem a mem\u00f3ria, os usu\u00e1rios aprenderam exerc\u00edcios para auxiliar no funcionamento cognitivo al\u00e9m de alimentos que fazem bem para o c\u00e9rebro. A m\u00e9dica Cl\u00ednica Geral da UBS, Carolina Belardo Vilhena, lembra que existem v\u00e1rios tipos de dem\u00eancia. \u201cN\u00e3o \u00e9 todo esquecimento que \u00e9 Alzheimer. \u00c9 preciso identificar, a partir de testes e exames, qual o quadro, para o tratamento\u201d, argumenta.<\/p>\n<div id=\"attachment_18070\" style=\"width: 310px\" class=\"wp-caption alignleft\"><a href=\"https:\/\/tvtecjundiai.com.br\/news\/wp-content\/uploads\/sites\/2\/2018\/09\/oficina-de-memoria-ubs-agapeama_c_-13.jpg\"><img loading=\"lazy\" decoding=\"async\" aria-describedby=\"caption-attachment-18070\" class=\"wp-image-18070 size-medium\" src=\"https:\/\/tvtecjundiai.com.br\/news\/wp-content\/uploads\/sites\/2\/2018\/09\/oficina-de-memoria-ubs-agapeama_c_-13-300x200.jpg\" alt=\"\" width=\"300\" height=\"200\" srcset=\"https:\/\/tvtecjundiai.com.br\/news\/wp-content\/uploads\/sites\/2\/2018\/09\/oficina-de-memoria-ubs-agapeama_c_-13-300x200.jpg 300w, https:\/\/tvtecjundiai.com.br\/news\/wp-content\/uploads\/sites\/2\/2018\/09\/oficina-de-memoria-ubs-agapeama_c_-13-768x512.jpg 768w, https:\/\/tvtecjundiai.com.br\/news\/wp-content\/uploads\/sites\/2\/2018\/09\/oficina-de-memoria-ubs-agapeama_c_-13-1200x800.jpg 1200w, https:\/\/tvtecjundiai.com.br\/news\/wp-content\/uploads\/sites\/2\/2018\/09\/oficina-de-memoria-ubs-agapeama_c_-13.jpg 1280w\" sizes=\"auto, (max-width: 300px) 100vw, 300px\" \/><\/a><p id=\"caption-attachment-18070\" class=\"wp-caption-text\">No encontro, foram esclarecidas quest\u00f5es relacionadas ao exerc\u00edcios e alimentos que podem auxiliar no fortalecimento da mem\u00f3ria<\/p><\/div>\n<p>Entre as t\u00e9cnicas que auxiliam a exercitar a mem\u00f3ria est\u00e1 falar em voz alta, n\u00e3o usar lista de compras para ir ao supermercado ou feira al\u00e9m de consumir alimentos ricos em zinco, sel\u00eanio e outros minerais, que s\u00e3o encontrados em ovos, carnes, gr\u00e3os, latic\u00ednios e nozes.<\/p>\n<p>Dona Mercedes Baldan Antonio, 70 anos, foi com o marido Sonivaldo Antonio, 75 anos, participar da Oficina da Mem\u00f3ria. \u201cChega a uma certa idade em que percebemos algumas falhas na mem\u00f3ria. Por isso \u00e9 importante saber mais sobre as doen\u00e7as e como trat\u00e1-las. Temos parentes que est\u00e3o com Mal de Alzheimer e \u00e9 a fam\u00edlia, que est\u00e1 pr\u00f3xima diariamente, que percebe os sinais\u201d, comenta.<\/p>\n<p>A enfermeira gerente da UBS, C\u00e1ssia Brito, explica que a rede de sa\u00fade de Jundia\u00ed oferece v\u00e1rias atividades que auxiliam os idosos para o cuidado. \u201cNesta unidade temos grupos de conviv\u00eancia, de Lian Gong e essas oficinas pontuais, todas com o objetivo de proporcionar qualidade de vida e promover a sa\u00fade da popula\u00e7\u00e3o\u201d, salienta.<\/p>\n<p><em>(Fonte e Imagem: Prefeitura de Jundia\u00ed)<\/em><\/p>\n","protected":false},"excerpt":{"rendered":"<p>Encontro foi realizado nesta quarta-feira (26)<\/p>\n","protected":false},"author":11,"featured_media":18070,"comment_status":"closed","ping_status":"closed","sticky":false,"template":"","format":"standard","meta":{"footnotes":""},"categories":[2834,1,2839],"tags":[2112,556,4061,6],"class_list":["post-18069","post","type-post","status-publish","format-standard","has-post-thumbnail","hentry","category-cidades","category-noticias","category-saude","tag-cidades","tag-noticias","tag-oficina-da-memoria","tag-saude"],"_links":{"self":[{"href":"https:\/\/tvtecjundiai.com.br\/news\/wp-json\/wp\/v2\/posts\/18069","targetHints":{"allow":["GET"]}}],"collection":[{"href":"https:\/\/tvtecjundiai.com.br\/news\/wp-json\/wp\/v2\/posts"}],"about":[{"href":"https:\/\/tvtecjundiai.com.br\/news\/wp-json\/wp\/v2\/types\/post"}],"author":[{"embeddable":true,"href":"https:\/\/tvtecjundiai.com.br\/news\/wp-json\/wp\/v2\/users\/11"}],"replies":[{"embeddable":true,"href":"https:\/\/tvtecjundiai.com.br\/news\/wp-json\/wp\/v2\/comments?post=18069"}],"version-history":[{"count":1,"href":"https:\/\/tvtecjundiai.com.br\/news\/wp-json\/wp\/v2\/posts\/18069\/revisions"}],"predecessor-version":[{"id":18071,"href":"https:\/\/tvtecjundiai.com.br\/news\/wp-json\/wp\/v2\/posts\/18069\/revisions\/18071"}],"wp:featuredmedia":[{"embeddable":true,"href":"https:\/\/tvtecjundiai.com.br\/news\/wp-json\/wp\/v2\/media\/18070"}],"wp:attachment":[{"href":"https:\/\/tvtecjundiai.com.br\/news\/wp-json\/wp\/v2\/media?parent=18069"}],"wp:term":[{"taxonomy":"category","embeddable":true,"href":"https:\/\/tvtecjundiai.com.br\/news\/wp-json\/wp\/v2\/categories?post=18069"},{"taxonomy":"post_tag","embeddable":true,"href":"https:\/\/tvtecjundiai.com.br\/news\/wp-json\/wp\/v2\/tags?post=18069"}],"curies":[{"name":"wp","href":"https:\/\/api.w.org\/{rel}","templated":true}]}}