{"id":18108,"date":"2018-09-28T07:50:09","date_gmt":"2018-09-28T10:50:09","guid":{"rendered":"https:\/\/tvtecjundiai.com.br\/news\/?p=18108"},"modified":"2018-09-28T07:51:44","modified_gmt":"2018-09-28T10:51:44","slug":"cultura-abre-inscricoes-para-oficinas-gratuitas","status":"publish","type":"post","link":"https:\/\/tvtecjundiai.com.br\/news\/2018\/09\/28\/cultura-abre-inscricoes-para-oficinas-gratuitas\/","title":{"rendered":"Cultura abre inscri\u00e7\u00f5es para oficinas gratuitas"},"content":{"rendered":"<p>A Unidade de Gest\u00e3o de Cultura (UGC) abre, a partir desta segunda-feira (1\u00ba)\u00a0inscri\u00e7\u00f5es para as oficinas culturais gratuitas \u201cUm Corpo Brasileiro que Dan\u00e7a\u201d e \u201cOficina de Produ\u00e7\u00e3o de Eventos Culturais\u201d. Os interessados do p\u00fablico em geral maiores de 16 anos devem se inscrever at\u00e9 o dia 19 de outubro para as 25 vagas.<\/p>\n<div id=\"attachment_18109\" style=\"width: 321px\" class=\"wp-caption alignright\"><a href=\"https:\/\/tvtecjundiai.com.br\/news\/wp-content\/uploads\/sites\/2\/2018\/09\/oficinas_culturais.jpg\"><img loading=\"lazy\" decoding=\"async\" aria-describedby=\"caption-attachment-18109\" class=\"wp-image-18109\" src=\"https:\/\/tvtecjundiai.com.br\/news\/wp-content\/uploads\/sites\/2\/2018\/09\/oficinas_culturais-300x200.jpg\" alt=\"\" width=\"311\" height=\"207\" srcset=\"https:\/\/tvtecjundiai.com.br\/news\/wp-content\/uploads\/sites\/2\/2018\/09\/oficinas_culturais-300x200.jpg 300w, https:\/\/tvtecjundiai.com.br\/news\/wp-content\/uploads\/sites\/2\/2018\/09\/oficinas_culturais-768x512.jpg 768w, https:\/\/tvtecjundiai.com.br\/news\/wp-content\/uploads\/sites\/2\/2018\/09\/oficinas_culturais-1200x800.jpg 1200w, https:\/\/tvtecjundiai.com.br\/news\/wp-content\/uploads\/sites\/2\/2018\/09\/oficinas_culturais.jpg 1280w\" sizes=\"auto, (max-width: 311px) 100vw, 311px\" \/><\/a><p id=\"caption-attachment-18109\" class=\"wp-caption-text\">As inscri\u00e7\u00f5es dever\u00e3o ser feitas no Complexo Fepasa. localizado na Av. Uni\u00e3o dos Ferrovi\u00e1rios, n\u00ba 1760<\/p><\/div>\n<p>Os cursos ser\u00e3o viabilizados por meio de uma parceria com a Poiesis Organiza\u00e7\u00e3o Social de Cultura \u2013 Programa Oficinas Culturais. A sele\u00e7\u00e3o ser\u00e1 feita por ordem de inscri\u00e7\u00e3o e os participantes com pelo menos 75% de presen\u00e7a nas atividades receber\u00e3o um certificado, emitido pela Poiesis.<\/p>\n<p>A oficina \u201cUm Corpo Brasileiro que Dan\u00e7a\u201d ser\u00e1 ministrada pela arte-educadora, bailarina-brincante, core\u00f3grafa e pesquisadora em dan\u00e7a Fernanda Iannuzzi, e tem como objetivo usar as Dan\u00e7as Brasileiras e demais manifesta\u00e7\u00f5es populares do pa\u00eds como caminho para o despertar de um corpo dan\u00e7ante e brincante de cada indiv\u00edduo e muitas vezes adormecido com os processos de maturidade do ser humano.<\/p>\n<p>J\u00e1 a Oficina de Produ\u00e7\u00e3o de Eventos Culturais, oferecida pelo administrador e produtor cultural J\u00fanior Guimar\u00e3es, tem como objetivo principal a constru\u00e7\u00e3o de festivais, eventos e projetos culturais, e nela ser\u00e3o abordadas pr\u00e1ticas atuais do mercado como planejamento, escrita e estudo de viabilidade de projetos, cronograma, parcerias e coprodu\u00e7\u00f5es, entre outras, possibilitando um entendimento mais estrat\u00e9gico e empreendedor da produ\u00e7\u00e3o cultural.<\/p>\n<p><em>(Fonte e Imagem: Prefeitura de Jundia\u00ed)<\/em><\/p>\n","protected":false},"excerpt":{"rendered":"<p>Os interessados devem procurar o Complexo Fepasa entre \u00e0s 8 e 19 horas<\/p>\n","protected":false},"author":11,"featured_media":18109,"comment_status":"closed","ping_status":"closed","sticky":false,"template":"","format":"standard","meta":{"footnotes":""},"categories":[2834,2833,1],"tags":[2112,84,556],"class_list":["post-18108","post","type-post","status-publish","format-standard","has-post-thumbnail","hentry","category-cidades","category-cultura","category-noticias","tag-cidades","tag-cultura","tag-noticias"],"_links":{"self":[{"href":"https:\/\/tvtecjundiai.com.br\/news\/wp-json\/wp\/v2\/posts\/18108","targetHints":{"allow":["GET"]}}],"collection":[{"href":"https:\/\/tvtecjundiai.com.br\/news\/wp-json\/wp\/v2\/posts"}],"about":[{"href":"https:\/\/tvtecjundiai.com.br\/news\/wp-json\/wp\/v2\/types\/post"}],"author":[{"embeddable":true,"href":"https:\/\/tvtecjundiai.com.br\/news\/wp-json\/wp\/v2\/users\/11"}],"replies":[{"embeddable":true,"href":"https:\/\/tvtecjundiai.com.br\/news\/wp-json\/wp\/v2\/comments?post=18108"}],"version-history":[{"count":1,"href":"https:\/\/tvtecjundiai.com.br\/news\/wp-json\/wp\/v2\/posts\/18108\/revisions"}],"predecessor-version":[{"id":18110,"href":"https:\/\/tvtecjundiai.com.br\/news\/wp-json\/wp\/v2\/posts\/18108\/revisions\/18110"}],"wp:featuredmedia":[{"embeddable":true,"href":"https:\/\/tvtecjundiai.com.br\/news\/wp-json\/wp\/v2\/media\/18109"}],"wp:attachment":[{"href":"https:\/\/tvtecjundiai.com.br\/news\/wp-json\/wp\/v2\/media?parent=18108"}],"wp:term":[{"taxonomy":"category","embeddable":true,"href":"https:\/\/tvtecjundiai.com.br\/news\/wp-json\/wp\/v2\/categories?post=18108"},{"taxonomy":"post_tag","embeddable":true,"href":"https:\/\/tvtecjundiai.com.br\/news\/wp-json\/wp\/v2\/tags?post=18108"}],"curies":[{"name":"wp","href":"https:\/\/api.w.org\/{rel}","templated":true}]}}