{"id":18167,"date":"2018-09-28T15:45:47","date_gmt":"2018-09-28T18:45:47","guid":{"rendered":"https:\/\/tvtecjundiai.com.br\/news\/?p=18167"},"modified":"2018-09-28T15:45:47","modified_gmt":"2018-09-28T18:45:47","slug":"sucesso-nas-inscricoes-tvtec-preenche-todas-as-vagas-ofertadas","status":"publish","type":"post","link":"https:\/\/tvtecjundiai.com.br\/news\/2018\/09\/28\/sucesso-nas-inscricoes-tvtec-preenche-todas-as-vagas-ofertadas\/","title":{"rendered":"Sucesso nas inscri\u00e7\u00f5es, TVTEC preenche todas as vagas ofertadas"},"content":{"rendered":"<p>As inscri\u00e7\u00f5es para os cursos de Pr\u00e1ticas de M\u00eddias Sociais e Edi\u00e7\u00e3o de V\u00eddeo para Redes Sociais, oferecidos pela Prefeitura de Jundia\u00ed em parceira com o Centro Paula Souza por meio da Rede TVTEC, ocorreram na quinta (27) e sexta- feira (28). Os primeiros 30 candidatos chegaram antes das 10 horas, hor\u00e1rio marcado para come\u00e7ar as inscri\u00e7\u00f5es. Desta vez, foram ofertadas 20 vagas para cada curso e as aulas come\u00e7ar\u00e3o no dia 8 de outubro, terminando no dia 31.<\/p>\n<div id=\"attachment_18168\" style=\"width: 410px\" class=\"wp-caption alignright\"><a href=\"https:\/\/tvtecjundiai.com.br\/news\/wp-content\/uploads\/sites\/2\/2018\/09\/WhatsApp-Image-2018-09-27-at-10.53.07.jpeg\"><img loading=\"lazy\" decoding=\"async\" aria-describedby=\"caption-attachment-18168\" class=\"wp-image-18168\" src=\"https:\/\/tvtecjundiai.com.br\/news\/wp-content\/uploads\/sites\/2\/2018\/09\/WhatsApp-Image-2018-09-27-at-10.53.07-300x225.jpeg\" alt=\"\" width=\"400\" height=\"300\" srcset=\"https:\/\/tvtecjundiai.com.br\/news\/wp-content\/uploads\/sites\/2\/2018\/09\/WhatsApp-Image-2018-09-27-at-10.53.07-300x225.jpeg 300w, https:\/\/tvtecjundiai.com.br\/news\/wp-content\/uploads\/sites\/2\/2018\/09\/WhatsApp-Image-2018-09-27-at-10.53.07-768x576.jpeg 768w, https:\/\/tvtecjundiai.com.br\/news\/wp-content\/uploads\/sites\/2\/2018\/09\/WhatsApp-Image-2018-09-27-at-10.53.07.jpeg 1040w\" sizes=\"auto, (max-width: 400px) 100vw, 400px\" \/><\/a><p id=\"caption-attachment-18168\" class=\"wp-caption-text\">As inscri\u00e7\u00f5es para os cursos tiveram in\u00edcio \u00e0s 10 horas da quinta (27)<\/p><\/div>\n<p>A candidata \u00e0 vaga para o curso de Pr\u00e1ticas de M\u00eddias Sociais, Elaine Prado, disse que o curso ir\u00e1 ajudar a divulgar o trabalho e tamb\u00e9m melhorar a forma de uso. \u201cHoje \u00e9 o que move tudo. Eu vejo pelos meus filhos, eu s\u00f3 se atualizam e sabem de tudo atrav\u00e9s das m\u00eddias sociais. Se voc\u00ea n\u00e3o souber usar essa ferramenta, fica muito dif\u00edcil\u201d.<\/p>\n<p>J\u00e1 a Denise Conselheiro, universit\u00e1ria e candidata \u00e0 vaga de Edi\u00e7\u00e3o de V\u00eddeos para Redes Sociais buscar aprimorar o conhecimento na \u00e1rea. \u201cEu j\u00e1 tenho bastante conhecimento em fotografia e edi\u00e7\u00e3o de imagem, mas agora eu quero edi\u00e7\u00e3o de v\u00eddeo\u201d. Para Vansan Neto, ex-aluno do curso de Pr\u00e1ticas de M\u00eddias Sociais, Fotografia Digital e Assistente de Produ\u00e7\u00e3o Audiovisual, disse que todas as aulas agregaram bastante tecnicamente. \u201cOs cursos me agregaram muito profissionalmente por estar lindando com o p\u00fablico de uma forma diferente\u201d.<\/p>\n<p>O diretor de teleduca\u00e7\u00e3o Hil\u00e1rio Pereira, afirma que os cursos atendem a qualidade e acrescenta que novas inscri\u00e7\u00f5es poder\u00e3o ocorrer em novembro. \u201cS\u00e3o cursos muito procurados. Os cursos aquecem o mercado e movimentam as pessoas a empreenderem ou atenderem a demanda do mercado. Temos previs\u00e3o sim de cursos em novembro\u201d.<\/p>\n<p><strong>Confira aqui a reportagem completa:<\/strong><\/p>\n<p><a href=\"https:\/\/youtu.be\/atJ9O93lLmo\">https:\/\/youtu.be\/atJ9O93lLmo<\/a><\/p>\n","protected":false},"excerpt":{"rendered":"<p>Haviam 20 vagas dispon\u00edveis para Edi\u00e7\u00e3o de V\u00eddeo e 20 para Pr\u00e1ticas de M\u00eddias<\/p>\n","protected":false},"author":10,"featured_media":18171,"comment_status":"closed","ping_status":"closed","sticky":false,"template":"","format":"standard","meta":{"footnotes":""},"categories":[2834,2832,1],"tags":[13,64,107],"class_list":["post-18167","post","type-post","status-publish","format-standard","has-post-thumbnail","hentry","category-cidades","category-cursos","category-noticias","tag-centro-paula-souza","tag-curso-gratuito","tag-prefeitura-de-jundiai"],"_links":{"self":[{"href":"https:\/\/tvtecjundiai.com.br\/news\/wp-json\/wp\/v2\/posts\/18167","targetHints":{"allow":["GET"]}}],"collection":[{"href":"https:\/\/tvtecjundiai.com.br\/news\/wp-json\/wp\/v2\/posts"}],"about":[{"href":"https:\/\/tvtecjundiai.com.br\/news\/wp-json\/wp\/v2\/types\/post"}],"author":[{"embeddable":true,"href":"https:\/\/tvtecjundiai.com.br\/news\/wp-json\/wp\/v2\/users\/10"}],"replies":[{"embeddable":true,"href":"https:\/\/tvtecjundiai.com.br\/news\/wp-json\/wp\/v2\/comments?post=18167"}],"version-history":[{"count":3,"href":"https:\/\/tvtecjundiai.com.br\/news\/wp-json\/wp\/v2\/posts\/18167\/revisions"}],"predecessor-version":[{"id":18172,"href":"https:\/\/tvtecjundiai.com.br\/news\/wp-json\/wp\/v2\/posts\/18167\/revisions\/18172"}],"wp:featuredmedia":[{"embeddable":true,"href":"https:\/\/tvtecjundiai.com.br\/news\/wp-json\/wp\/v2\/media\/18171"}],"wp:attachment":[{"href":"https:\/\/tvtecjundiai.com.br\/news\/wp-json\/wp\/v2\/media?parent=18167"}],"wp:term":[{"taxonomy":"category","embeddable":true,"href":"https:\/\/tvtecjundiai.com.br\/news\/wp-json\/wp\/v2\/categories?post=18167"},{"taxonomy":"post_tag","embeddable":true,"href":"https:\/\/tvtecjundiai.com.br\/news\/wp-json\/wp\/v2\/tags?post=18167"}],"curies":[{"name":"wp","href":"https:\/\/api.w.org\/{rel}","templated":true}]}}