{"id":18180,"date":"2018-10-01T08:48:24","date_gmt":"2018-10-01T11:48:24","guid":{"rendered":"https:\/\/tvtecjundiai.com.br\/news\/?p=18180"},"modified":"2018-10-01T08:48:24","modified_gmt":"2018-10-01T11:48:24","slug":"outubro-rosa-tera-programacao-especial-em-jundiai","status":"publish","type":"post","link":"https:\/\/tvtecjundiai.com.br\/news\/2018\/10\/01\/outubro-rosa-tera-programacao-especial-em-jundiai\/","title":{"rendered":"Outubro Rosa ter\u00e1 programa\u00e7\u00e3o especial em Jundia\u00ed"},"content":{"rendered":"<div id=\"attachment_18181\" style=\"width: 341px\" class=\"wp-caption alignleft\"><a href=\"https:\/\/tvtecjundiai.com.br\/news\/wp-content\/uploads\/sites\/2\/2018\/10\/outubro-rosa-na-ubs-jd-esplanada_c_5.jpg\"><img loading=\"lazy\" decoding=\"async\" aria-describedby=\"caption-attachment-18181\" class=\"wp-image-18181\" src=\"https:\/\/tvtecjundiai.com.br\/news\/wp-content\/uploads\/sites\/2\/2018\/10\/outubro-rosa-na-ubs-jd-esplanada_c_5-300x166.jpg\" alt=\"\" width=\"331\" height=\"183\" srcset=\"https:\/\/tvtecjundiai.com.br\/news\/wp-content\/uploads\/sites\/2\/2018\/10\/outubro-rosa-na-ubs-jd-esplanada_c_5-300x166.jpg 300w, https:\/\/tvtecjundiai.com.br\/news\/wp-content\/uploads\/sites\/2\/2018\/10\/outubro-rosa-na-ubs-jd-esplanada_c_5-768x424.jpg 768w, https:\/\/tvtecjundiai.com.br\/news\/wp-content\/uploads\/sites\/2\/2018\/10\/outubro-rosa-na-ubs-jd-esplanada_c_5-1200x663.jpg 1200w, https:\/\/tvtecjundiai.com.br\/news\/wp-content\/uploads\/sites\/2\/2018\/10\/outubro-rosa-na-ubs-jd-esplanada_c_5.jpg 1240w\" sizes=\"auto, (max-width: 331px) 100vw, 331px\" \/><\/a><p id=\"caption-attachment-18181\" class=\"wp-caption-text\">Atividades do Outubro Rosa ir\u00e3o mobilizar diversos equipamentos municipais<\/p><\/div>\n<p>Durante todo este m\u00eas,\u00a0a Prefeitura de Jundia\u00ed, por meio das Unidades de Gest\u00e3o, realiza atividades relacionadas ao Outubro Rosa,\u00a0dedicado \u00e0 conscientiza\u00e7\u00e3o e preven\u00e7\u00e3o ao c\u00e2ncer de mama. A programa\u00e7\u00e3o completa encontra-se dispon\u00edvel no <a href=\"https:\/\/jundiai.sp.gov.br\/outubro-rosa\/\" target=\"_blank\" rel=\"noopener\">Site da Prefeitura.\u00a0<\/a><\/p>\n<p>\u201cO exame de mamografia \u00e9 fundamental para o diagn\u00f3stico da doen\u00e7a.\u00a0Na cidade, por m\u00eas, sobram 800 vagas em mamografia. Por isso, desde a semana passada, as mulheres acima de 40 anos ou acima de 35 anos com casos de c\u00e2ncer na fam\u00edlia podem solicitar o agendamento na UBS de refer\u00eancia\u201d,\u00a0detalha a m\u00e9dica\u00a0Erika Pimenta de P\u00e1dua Mayer, ginecologista e obstetra, assessora t\u00e9cnica da Sa\u00fade da Mulher\u00a0da Unidade de Gest\u00e3o de Promo\u00e7\u00e3o da Sa\u00fade (UGPS).<\/p>\n<p>De acordo com a m\u00e9dica, as UBSs organizam palestras e a\u00e7\u00f5es direcionadas ao tema, com o objetivo de esclarecer sobre a doen\u00e7a.\u00a0O diagn\u00f3stico precoce \u00e9 fundamental para as melhores chances de cura. Os sintomas do c\u00e2ncer de mama incluem n\u00f3dulo na mama, secre\u00e7\u00e3o com sangue pelo mamilo e mudan\u00e7as na forma ou textura do mamilo ou da mama.<\/p>\n<p>Os dados do Instituto Nacional do C\u00e2ncer (INCA) indicam que o c\u00e2ncer de mama \u00e9 a tipo mais comum entre as mulheres no mundo e no Brasil, depois do c\u00e2ncer de pele n\u00e3o melanoma, e responde por cerca de 25% dos casos novos a cada ano. A\u00a0doen\u00e7a \u00e9 causada pela multiplica\u00e7\u00e3o de c\u00e9lulas anormais da mama, que formam um tumor. No Brasil, em 2016, as estimativas eram de 57.960 casos novos de c\u00e2ncer de mama.<\/p>\n<p><em>(Fonte e Imagem: Prefeitura de Jundia\u00ed)<\/em><\/p>\n","protected":false},"excerpt":{"rendered":"<p>Dentre as a\u00e7\u00f5es desenvolvidas durante o m\u00eas est\u00e3o palestras de conscientiza\u00e7\u00e3o <\/p>\n","protected":false},"author":11,"featured_media":18181,"comment_status":"closed","ping_status":"closed","sticky":false,"template":"","format":"standard","meta":{"footnotes":""},"categories":[2834,1,2839],"tags":[629,2112,556,622,6],"class_list":["post-18180","post","type-post","status-publish","format-standard","has-post-thumbnail","hentry","category-cidades","category-noticias","category-saude","tag-cancer-de-mama","tag-cidades","tag-noticias","tag-outubro-rosa","tag-saude"],"_links":{"self":[{"href":"https:\/\/tvtecjundiai.com.br\/news\/wp-json\/wp\/v2\/posts\/18180","targetHints":{"allow":["GET"]}}],"collection":[{"href":"https:\/\/tvtecjundiai.com.br\/news\/wp-json\/wp\/v2\/posts"}],"about":[{"href":"https:\/\/tvtecjundiai.com.br\/news\/wp-json\/wp\/v2\/types\/post"}],"author":[{"embeddable":true,"href":"https:\/\/tvtecjundiai.com.br\/news\/wp-json\/wp\/v2\/users\/11"}],"replies":[{"embeddable":true,"href":"https:\/\/tvtecjundiai.com.br\/news\/wp-json\/wp\/v2\/comments?post=18180"}],"version-history":[{"count":1,"href":"https:\/\/tvtecjundiai.com.br\/news\/wp-json\/wp\/v2\/posts\/18180\/revisions"}],"predecessor-version":[{"id":18182,"href":"https:\/\/tvtecjundiai.com.br\/news\/wp-json\/wp\/v2\/posts\/18180\/revisions\/18182"}],"wp:featuredmedia":[{"embeddable":true,"href":"https:\/\/tvtecjundiai.com.br\/news\/wp-json\/wp\/v2\/media\/18181"}],"wp:attachment":[{"href":"https:\/\/tvtecjundiai.com.br\/news\/wp-json\/wp\/v2\/media?parent=18180"}],"wp:term":[{"taxonomy":"category","embeddable":true,"href":"https:\/\/tvtecjundiai.com.br\/news\/wp-json\/wp\/v2\/categories?post=18180"},{"taxonomy":"post_tag","embeddable":true,"href":"https:\/\/tvtecjundiai.com.br\/news\/wp-json\/wp\/v2\/tags?post=18180"}],"curies":[{"name":"wp","href":"https:\/\/api.w.org\/{rel}","templated":true}]}}