{"id":18186,"date":"2018-10-01T10:10:51","date_gmt":"2018-10-01T13:10:51","guid":{"rendered":"https:\/\/tvtecjundiai.com.br\/news\/?p=18186"},"modified":"2018-10-01T10:10:51","modified_gmt":"2018-10-01T13:10:51","slug":"mais-de-200-caes-e-gatos-sao-castrados-em-mutirao","status":"publish","type":"post","link":"https:\/\/tvtecjundiai.com.br\/news\/2018\/10\/01\/mais-de-200-caes-e-gatos-sao-castrados-em-mutirao\/","title":{"rendered":"Mais de 200 c\u00e3es e gatos s\u00e3o castrados em mutir\u00e3o"},"content":{"rendered":"<div id=\"attachment_18188\" style=\"width: 310px\" class=\"wp-caption alignleft\"><a href=\"https:\/\/tvtecjundiai.com.br\/news\/wp-content\/uploads\/sites\/2\/2018\/10\/castracao_emeb_deodato-6.jpg\"><img loading=\"lazy\" decoding=\"async\" aria-describedby=\"caption-attachment-18188\" class=\"wp-image-18188 size-medium\" src=\"https:\/\/tvtecjundiai.com.br\/news\/wp-content\/uploads\/sites\/2\/2018\/10\/castracao_emeb_deodato-6-300x231.jpg\" alt=\"\" width=\"300\" height=\"231\" srcset=\"https:\/\/tvtecjundiai.com.br\/news\/wp-content\/uploads\/sites\/2\/2018\/10\/castracao_emeb_deodato-6-300x231.jpg 300w, https:\/\/tvtecjundiai.com.br\/news\/wp-content\/uploads\/sites\/2\/2018\/10\/castracao_emeb_deodato-6-768x591.jpg 768w, https:\/\/tvtecjundiai.com.br\/news\/wp-content\/uploads\/sites\/2\/2018\/10\/castracao_emeb_deodato-6-1200x923.jpg 1200w, https:\/\/tvtecjundiai.com.br\/news\/wp-content\/uploads\/sites\/2\/2018\/10\/castracao_emeb_deodato-6.jpg 1280w\" sizes=\"auto, (max-width: 300px) 100vw, 300px\" \/><\/a><p id=\"caption-attachment-18188\" class=\"wp-caption-text\">As irm\u00e3s Danielly e Patr\u00edcia aguardavam a castra\u00e7\u00e3o do gato Zeca<\/p><\/div>\n<p>O Departamento de Bem Estar Animal (Debea) \u2013 \u00f3rg\u00e3o ligado \u00e0 Unidade de Gest\u00e3o de Planejamento Urbano e Meio Ambiente (UGPUMA) \u2013 realizou neste s\u00e1bado (29) mais um mutir\u00e3o de castra\u00e7\u00e3o para atender a pedidos feitos atrav\u00e9s do 156. Desta vez, o bairro beneficiado foi o Jardim Tarum\u00e3 e adjac\u00eancias como Jardim S\u00e3o Camilo, Vila Aparecida, Caxambu e Jundia\u00ed-Mirim. Foram recebidos 116 c\u00e3es e 90 gatos na Emeb\u00a0Deodato Jansk.<\/p>\n<p>\u201cChegamos a este n\u00famero atrav\u00e9s dos pedidos feitos pelos pr\u00f3prios mun\u00edcipes e tamb\u00e9m enviando convites pelos alunos da rede municipal de ensino\u201d, explicou a veterin\u00e1ria Alessandra Benedetti Ferreira, diretora do Debea. Al\u00e9m da castra\u00e7\u00e3o, os animais tamb\u00e9m foram microchipados. \u201cN\u00e3o se trata de um chip de localiza\u00e7\u00e3o, mas de identifica\u00e7\u00e3o\u201d, acrescenta.<\/p>\n<p>Danielly de Souza levou o gato Zeca, por meio da\u00a0irm\u00e3, a promotora Patr\u00edcia Fernanda de Sousa, quem teve a iniciativa de solicitar a inclus\u00e3o de Zeca na fila para o procedimento. \u201cEu nem sabia que seria no esquema de mutir\u00e3o, fiquei muito feliz quando me ligaram para agendar a cirurgia.\u201d Al\u00e9m dos mutir\u00f5es, as castra\u00e7\u00f5es realizadas pelo Debea s\u00e3o gratuitas e feitas sempre \u00e0s ter\u00e7as, quartas e quintas-feiras, bastando para isso que o solicitante fa\u00e7a o pedido atrav\u00e9s do 156 e aguarde o agendamento.<\/p>\n<p><em>(Fonte e Imagem: Prefeitura de Jundia\u00ed)<\/em><\/p>\n","protected":false},"excerpt":{"rendered":"<p>A a\u00e7\u00e3o foi realizada neste s\u00e1bado (29) na Emeb Deodato Jansk<\/p>\n","protected":false},"author":11,"featured_media":18188,"comment_status":"closed","ping_status":"closed","sticky":false,"template":"","format":"standard","meta":{"footnotes":""},"categories":[2834,1,2824],"tags":[2432,2112,985,2433,556],"class_list":["post-18186","post","type-post","status-publish","format-standard","has-post-thumbnail","hentry","category-cidades","category-noticias","category-variedades","tag-castracao","tag-cidades","tag-debea","tag-mutirao","tag-noticias"],"_links":{"self":[{"href":"https:\/\/tvtecjundiai.com.br\/news\/wp-json\/wp\/v2\/posts\/18186","targetHints":{"allow":["GET"]}}],"collection":[{"href":"https:\/\/tvtecjundiai.com.br\/news\/wp-json\/wp\/v2\/posts"}],"about":[{"href":"https:\/\/tvtecjundiai.com.br\/news\/wp-json\/wp\/v2\/types\/post"}],"author":[{"embeddable":true,"href":"https:\/\/tvtecjundiai.com.br\/news\/wp-json\/wp\/v2\/users\/11"}],"replies":[{"embeddable":true,"href":"https:\/\/tvtecjundiai.com.br\/news\/wp-json\/wp\/v2\/comments?post=18186"}],"version-history":[{"count":1,"href":"https:\/\/tvtecjundiai.com.br\/news\/wp-json\/wp\/v2\/posts\/18186\/revisions"}],"predecessor-version":[{"id":18189,"href":"https:\/\/tvtecjundiai.com.br\/news\/wp-json\/wp\/v2\/posts\/18186\/revisions\/18189"}],"wp:featuredmedia":[{"embeddable":true,"href":"https:\/\/tvtecjundiai.com.br\/news\/wp-json\/wp\/v2\/media\/18188"}],"wp:attachment":[{"href":"https:\/\/tvtecjundiai.com.br\/news\/wp-json\/wp\/v2\/media?parent=18186"}],"wp:term":[{"taxonomy":"category","embeddable":true,"href":"https:\/\/tvtecjundiai.com.br\/news\/wp-json\/wp\/v2\/categories?post=18186"},{"taxonomy":"post_tag","embeddable":true,"href":"https:\/\/tvtecjundiai.com.br\/news\/wp-json\/wp\/v2\/tags?post=18186"}],"curies":[{"name":"wp","href":"https:\/\/api.w.org\/{rel}","templated":true}]}}