{"id":18194,"date":"2018-10-01T08:00:07","date_gmt":"2018-10-01T11:00:07","guid":{"rendered":"https:\/\/tvtecjundiai.com.br\/news\/?p=18194"},"modified":"2018-10-01T11:16:11","modified_gmt":"2018-10-01T14:16:11","slug":"pat-divulga-vagas-disponiveis-em-jundiai-e-regiao-1o-1","status":"publish","type":"post","link":"https:\/\/tvtecjundiai.com.br\/news\/2018\/10\/01\/pat-divulga-vagas-disponiveis-em-jundiai-e-regiao-1o-1\/","title":{"rendered":"PAT divulga vagas dispon\u00edveis em Jundia\u00ed e regi\u00e3o (1\u00ba)"},"content":{"rendered":"<p>Confira as vagas:<\/p>\n<ul>\n<li><strong>A\u00e7ougueiro<\/strong>\u00a0(liberado em 28\/09\/2018) \u2013 6 meses de experi\u00eancia em CTPS; ensino m\u00e9dio incompleto, somente candidatos de Jundia\u00ed, V\u00e1rzea Paulista e Campo Limpo Paulista .<\/li>\n<li><strong>Auxiliar de manuten\u00e7\u00e3o Predial<\/strong>\u00a0(liberado em 28\/09\/2018) \u2013 6 meses de experi\u00eancia em CTPS; ensino m\u00e9dio completo; somente candidatos de Jundia\u00ed, V\u00e1rzea Paulista e Campo Limpo Paulista.<\/li>\n<li><strong>Chefe de Expedi\u00e7\u00e3o<\/strong>\u00a0(liberado em 26\/09\/2018) \u2013 6 meses de experi\u00eancia em CTPS; ensino m\u00e9dio completo; somente candidatos de Jundia\u00ed e V\u00e1rzea Paulista.<\/li>\n<li><strong>Controlador de Tr\u00e1fego<\/strong>\u00a0(liberado em 24\/09\/2018) \u2013 6 meses de experi\u00eancia em CTPS; ensino fundamental completo; necess\u00e1rio CNH &#8220;A&#8221;; trabalhar com ronda motorizada.<\/li>\n<li><strong>Encarregado de Frios<\/strong>\u00a0(liberado em 28\/09\/2018) \u2013 6 meses de experi\u00eancia em CTPS; ensino m\u00e9dio completo; somente candidatos de Jundia\u00ed, V\u00e1rzea Paulista e Campo Limpo Paulista.<\/li>\n<li><strong>Fiscal de Preven\u00e7\u00e3o de Perdas<\/strong>\u00a0(liberado em 28\/09\/2018) \u2013 6 meses de experi\u00eancia em CTPS; ensino m\u00e9dio completo; somente candidatos de Jundia\u00ed, V\u00e1rzea Paulista e Campo Limpo Paulista.<\/li>\n<li><strong>Operador de empilhadeira<\/strong>\u00a0(liberado em 27\/09\/2018) \u2013 6 meses de experi\u00eancia em CTPS; ensino m\u00e9dio completo; necess\u00e1rio curso atualizado.<\/li>\n<li><strong>Supervisor de Caixa<\/strong>\u00a0(liberado em 28\/09\/2018) \u2013 6 meses de experi\u00eancia em CTPS; ensino m\u00e9dio completo; somente candidatos de Jundia\u00ed, V\u00e1rzea Paulista e Campo Limpo Limpo Paulista.<\/li>\n<li><strong>Vaga exclusiva PCD (Pessoas com Defici\u00eancia)<\/strong>\u00a0(liberado em 26\/09\/2018) \u2013 Operador de loja &#8211; 6 meses de experi\u00eancia n\u00e3o CTPS; ensino m\u00e9dio completo; necess\u00e1rio Laudo m\u00e9dico.<\/li>\n<li><strong>Vaga exclusiva PCD (Pessoas com Defici\u00eancia)<\/strong>\u00a0(liberado em 28\/09\/2018) \u2013 Atendente de loja e supermercado &#8211; ensino m\u00e9dio completo; necess\u00e1rio laudo m\u00e9dico; candidatos de Jundia\u00ed, V\u00e1rzea Paulista e Campo Limpo Paulista.<\/li>\n<\/ul>\n<p>Os interessados devem comparecer \u00e0 rua Zacarias de Goes, 530 \u2013 Centro. O atendimento do PAT Jundia\u00ed \u00e9 feito de segunda a sexta-feira, das 8:00 \u00e0s 16:30 horas. \u00c9 necess\u00e1rio levar RG, CPF, carteira de trabalho, PIS ou cart\u00e3o do cidad\u00e3o.<\/p>\n<p>\u00daltima atualiza\u00e7\u00e3o em\u00a0<strong>01\/10\/2018 10h11<\/strong><\/p>\n<p><em>(Fonte: Prefeitura de Jundia\u00ed) <\/em><br \/>\n<em>(Imagem destacada: <a href=\"https:\/\/correiodaamazonia.com\/ministerio-e-correios-assinarao-acordo-para-a-emissao-de-ctps\/\">Correio da Amaz\u00f4nia<\/a>)<\/em><\/p>\n","protected":false},"excerpt":{"rendered":"<p>Pode haver altera\u00e7\u00e3o no quadro de disponibilidade durante a semana<\/p>\n","protected":false},"author":11,"featured_media":17276,"comment_status":"closed","ping_status":"closed","sticky":false,"template":"","format":"standard","meta":{"footnotes":""},"categories":[29,2829,1],"tags":[346,556,39,44],"class_list":["post-18194","post","type-post","status-publish","format-standard","has-post-thumbnail","hentry","category-destaque","category-economia","category-noticias","tag-economia","tag-noticias","tag-pat","tag-pat-jundiai"],"_links":{"self":[{"href":"https:\/\/tvtecjundiai.com.br\/news\/wp-json\/wp\/v2\/posts\/18194","targetHints":{"allow":["GET"]}}],"collection":[{"href":"https:\/\/tvtecjundiai.com.br\/news\/wp-json\/wp\/v2\/posts"}],"about":[{"href":"https:\/\/tvtecjundiai.com.br\/news\/wp-json\/wp\/v2\/types\/post"}],"author":[{"embeddable":true,"href":"https:\/\/tvtecjundiai.com.br\/news\/wp-json\/wp\/v2\/users\/11"}],"replies":[{"embeddable":true,"href":"https:\/\/tvtecjundiai.com.br\/news\/wp-json\/wp\/v2\/comments?post=18194"}],"version-history":[{"count":3,"href":"https:\/\/tvtecjundiai.com.br\/news\/wp-json\/wp\/v2\/posts\/18194\/revisions"}],"predecessor-version":[{"id":18213,"href":"https:\/\/tvtecjundiai.com.br\/news\/wp-json\/wp\/v2\/posts\/18194\/revisions\/18213"}],"wp:featuredmedia":[{"embeddable":true,"href":"https:\/\/tvtecjundiai.com.br\/news\/wp-json\/wp\/v2\/media\/17276"}],"wp:attachment":[{"href":"https:\/\/tvtecjundiai.com.br\/news\/wp-json\/wp\/v2\/media?parent=18194"}],"wp:term":[{"taxonomy":"category","embeddable":true,"href":"https:\/\/tvtecjundiai.com.br\/news\/wp-json\/wp\/v2\/categories?post=18194"},{"taxonomy":"post_tag","embeddable":true,"href":"https:\/\/tvtecjundiai.com.br\/news\/wp-json\/wp\/v2\/tags?post=18194"}],"curies":[{"name":"wp","href":"https:\/\/api.w.org\/{rel}","templated":true}]}}