{"id":18196,"date":"2018-10-01T11:24:51","date_gmt":"2018-10-01T14:24:51","guid":{"rendered":"https:\/\/tvtecjundiai.com.br\/news\/?p=18196"},"modified":"2018-10-01T13:21:20","modified_gmt":"2018-10-01T16:21:20","slug":"confira-quem-pode-votar-nas-eleicoes-2018","status":"publish","type":"post","link":"https:\/\/tvtecjundiai.com.br\/news\/2018\/10\/01\/confira-quem-pode-votar-nas-eleicoes-2018\/","title":{"rendered":"Confira quem pode votar nas elei\u00e7\u00f5es 2018"},"content":{"rendered":"<p>Os eleitores retornam \u00e0s urnas no domingo, 7 de outubro,\u00a0 para escolher um Presidente, Deputado Federal e Estadual, Governador e dois senadores.\u00a0A obrigatoriedade de votar abrange todo cidad\u00e3o alfabetizado com idade entre 18 e 70 anos. Os presos provis\u00f3rios e os adolescentes internados, desde que tenham tirado o t\u00edtulo de eleitor e estejam em dia com a Justi\u00e7a Eleitoral. tamb\u00e9m t\u00eam o direito de votar, por n\u00e3o estarem com os direitos pol\u00edticos suspensos (inciso III do artigo 15 da Constitui\u00e7\u00e3o Federal).<\/p>\n<div id=\"attachment_9867\" style=\"width: 410px\" class=\"wp-caption alignright\"><a href=\"https:\/\/tvtecjundiai.com.br\/news\/wp-content\/uploads\/sites\/2\/2018\/05\/titulo-eleitor-original1.jpeg\"><img loading=\"lazy\" decoding=\"async\" aria-describedby=\"caption-attachment-9867\" class=\"wp-image-9867\" src=\"https:\/\/tvtecjundiai.com.br\/news\/wp-content\/uploads\/sites\/2\/2018\/05\/titulo-eleitor-original1-300x176.jpeg\" alt=\"\" width=\"400\" height=\"234\" srcset=\"https:\/\/tvtecjundiai.com.br\/news\/wp-content\/uploads\/sites\/2\/2018\/05\/titulo-eleitor-original1-300x176.jpeg 300w, https:\/\/tvtecjundiai.com.br\/news\/wp-content\/uploads\/sites\/2\/2018\/05\/titulo-eleitor-original1-768x449.jpeg 768w, https:\/\/tvtecjundiai.com.br\/news\/wp-content\/uploads\/sites\/2\/2018\/05\/titulo-eleitor-original1.jpeg 1000w\" sizes=\"auto, (max-width: 400px) 100vw, 400px\" \/><\/a><p id=\"caption-attachment-9867\" class=\"wp-caption-text\">A apresenta\u00e7\u00e3o do t\u00edtulo n\u00e3o \u00e9 obrigat\u00f3ria, ao contr\u00e1rio do documento de identifica\u00e7\u00e3o com foto<\/p><\/div>\n<p>Todavia, pessoas que estiverem com o t\u00edtulo cancelado\u00a0por\u00a0n\u00e3o ter justificado\u00a0aus\u00eancia em tr\u00eas elei\u00e7\u00f5es consecutivas.\u00a0No caso das\u00a0aus\u00eancias, cada turno de um pleito\u00a0\u00e9 considerado\u00a0como uma elei\u00e7\u00e3o isolada; quem\u00a0perdeu\u00a0o prazo para justifica\u00e7\u00e3o e n\u00e3o pagou\u00a0a multa pela irregularidade;\u00a0Cidad\u00e3os que est\u00e3o com os direitos pol\u00edticos suspensos; quem n\u00e3o realizou o cadastro biom\u00e9trico e aqueles que n\u00e3o tiraram o t\u00edtulo de eleitor at\u00e9 o dia\u00a09 de maio\u00a0nem regularizaram sua situa\u00e7\u00e3o perante a Justi\u00e7a Eleitoral n\u00e3o poder\u00e3o participar das elei\u00e7\u00f5es deste ano.\u00a0O voto facultativo se destina \u00e0s pessoas\u00a0jovens com idade entre 16 e 17 anos, idosos\u00a0com mais de 70 anos e analfabetos.<\/p>\n<p>Quem estiver apto a votar dever\u00e1 comparecer a sua se\u00e7\u00e3o eleitoral das 8 \u00e0s 17 horas com o t\u00edtulo de eleitor ou documento com foto em m\u00e3os sendo carteira de identidade, passaporte, carteira de categoria profissional reconhecida por lei, certificado de reservista, carteira de trabalho ou carteira nacional de habilita\u00e7\u00e3o. H\u00e1 a possibilidade tamb\u00e9m do\u00a0aplicativo\u00a0<a href=\"http:\/\/www.tse.jus.br\/imprensa\/noticias-tse\/2018\/Maio\/eleicoes-2018-e-titulo-pode-ser-baixado-a-qualquer-momento-ate-o-dia-da-votacao\" target=\"_blank\" rel=\"noopener\">e-T\u00edtulo<\/a>, dispon\u00edvel para smartphones\u00a0e tablets.<\/p>\n<p><em>(Fonte: Ag\u00eancia Brasil)<\/em><\/p>\n","protected":false},"excerpt":{"rendered":"<p>A obrigatoriedade de votar abrange todo cidad\u00e3o alfabetizado de 18 a 70 anos <\/p>\n","protected":false},"author":11,"featured_media":10021,"comment_status":"closed","ping_status":"closed","sticky":false,"template":"","format":"standard","meta":{"footnotes":""},"categories":[2834,3060,1],"tags":[2112,1905,4073,556],"class_list":["post-18196","post","type-post","status-publish","format-standard","has-post-thumbnail","hentry","category-cidades","category-geral","category-noticias","tag-cidades","tag-eleicoes-2018","tag-geral","tag-noticias"],"_links":{"self":[{"href":"https:\/\/tvtecjundiai.com.br\/news\/wp-json\/wp\/v2\/posts\/18196","targetHints":{"allow":["GET"]}}],"collection":[{"href":"https:\/\/tvtecjundiai.com.br\/news\/wp-json\/wp\/v2\/posts"}],"about":[{"href":"https:\/\/tvtecjundiai.com.br\/news\/wp-json\/wp\/v2\/types\/post"}],"author":[{"embeddable":true,"href":"https:\/\/tvtecjundiai.com.br\/news\/wp-json\/wp\/v2\/users\/11"}],"replies":[{"embeddable":true,"href":"https:\/\/tvtecjundiai.com.br\/news\/wp-json\/wp\/v2\/comments?post=18196"}],"version-history":[{"count":2,"href":"https:\/\/tvtecjundiai.com.br\/news\/wp-json\/wp\/v2\/posts\/18196\/revisions"}],"predecessor-version":[{"id":18226,"href":"https:\/\/tvtecjundiai.com.br\/news\/wp-json\/wp\/v2\/posts\/18196\/revisions\/18226"}],"wp:featuredmedia":[{"embeddable":true,"href":"https:\/\/tvtecjundiai.com.br\/news\/wp-json\/wp\/v2\/media\/10021"}],"wp:attachment":[{"href":"https:\/\/tvtecjundiai.com.br\/news\/wp-json\/wp\/v2\/media?parent=18196"}],"wp:term":[{"taxonomy":"category","embeddable":true,"href":"https:\/\/tvtecjundiai.com.br\/news\/wp-json\/wp\/v2\/categories?post=18196"},{"taxonomy":"post_tag","embeddable":true,"href":"https:\/\/tvtecjundiai.com.br\/news\/wp-json\/wp\/v2\/tags?post=18196"}],"curies":[{"name":"wp","href":"https:\/\/api.w.org\/{rel}","templated":true}]}}